{"id":22288,"date":"2016-03-08T00:00:00","date_gmt":"2016-03-08T00:00:00","guid":{"rendered":"https:\/\/sylvainchamberland.com\/palatal-expansion\/"},"modified":"2023-08-21T13:27:57","modified_gmt":"2023-08-21T13:27:57","slug":"palatal-expansion","status":"publish","type":"post","link":"https:\/\/www.sylvainchamberland.com\/en\/palatal-expansion\/","title":{"rendered":"Palatal expansion"},"content":{"rendered":"<h3><a name=\"Top\"><\/a><\/h3>\n<h2>Narrow palate or palate that is not large enough. What does it mean?<\/h2>\n<p>I put a Keynote presentation online entitled &#8220;<a title=\"Transverse maxillary deficiencies\" href=\"http:\/\/www.slideshare.net\/sylvainchamberland\/3-dficience-transversale-du-maxillaire-suprieur-et-expansion-palatine-rapide\" target=\"_blank\" rel=\"noopener\">d\u00e9ficiences transversales du maxillaire<\/a>&#8221; (transverse maxillary deficiencies). The following text is a similar version with more descriptive text to help the uninitiated reader to understand, because the Keynote presentation is made for dentists. This Keynote is a course that I presented at the continuing education of the Universit\u00e9 de Montr\u00e9al and Universit\u00e9 de Laval. Have a nice reading.<\/p>\n<h3><a name=\"Unilateral_crossbite\"><\/a><\/h3>\n<h2>Unilateral posterior crossbite<\/h2>\n<p>The upper jaw is wider than the lower jaw in a way that the upper teeth are over the lower teeth (<a title=\"Class I normal dentition\" href=\"\/en\/dentition-en\/normal-dentition\/#Class I normal dentition\" target=\"_blank\" rel=\"noopener\">see picture of Class I normal dentition<\/a>). When the maxilla is insufficiently developed in width, we will notice that the upper teeth are inside the lower teeth instead of being over them.<\/p>\n<p>The case below illustrates a right posterior&nbsp;<strong>crossbite<\/strong>. The arch midlines do not fit (blue arrows). The&nbsp;<strong>mandibular midline deviates<\/strong>&nbsp;to the right (yellow arrow) on the same side as the crossbite.<\/p>\n<p>In fact, the whole lower jaw deviates to the right. The crossbite starts at the upper right primary canine and spreads to the last right molar. The upper teeth are thus inside the lower teeth whereas it is not the case on the left side.<\/p>\n<div id=\"attachment_1371\" style=\"width: 734px\" class=\"wp-caption aligncenter\"><a href=\"https:\/\/sylvainchamberland.com\/wp-content\/uploads\/2023\/04\/KaVe-articule-croise-vue-iof-et-iod-orthodontiste-Chamberland-Quebec_eng.jpg\" target=\"_blank\" rel=\"noopener\"><img loading=\"lazy\" decoding=\"async\" aria-describedby=\"caption-attachment-1371\" class=\"size-full wp-image-1371\" title=\"Crossbite iof and iod view-Dr Chamberland orthodontist in Quebec City\" src=\"https:\/\/sylvainchamberland.com\/wp-content\/uploads\/2023\/04\/KaVe-articule-croise-vue-iof-et-iod-orthodontiste-Chamberland-Quebec_eng.jpg\" alt=\"Crossbite iof and iod view-Dr Chamberland orthodontist in Quebec City\" width=\"724\" height=\"175\"><\/a><p id=\"caption-attachment-1371\" class=\"wp-caption-text\">Right posterior crossbite<\/p><\/div>\n<div id=\"attachment_1414\" style=\"width: 360px\" class=\"wp-caption alignnone\"><a href=\"https:\/\/sylvainchamberland.com\/wp-content\/uploads\/2023\/04\/Constriction-palatine-glissement-fonctionnel-KaVe-iof-en-RC-orthodontiste-Chamberland-Quebec.jpg\" target=\"_blank\" rel=\"noopener\"><img loading=\"lazy\" decoding=\"async\" aria-describedby=\"caption-attachment-1414\" class=\"wp-image-1414 size-full\" title=\"Dental interference or prematurity causing a functional shift to the right-Dr Chamberland orthodontist in Quebec City\" src=\"https:\/\/sylvainchamberland.com\/wp-content\/uploads\/2023\/04\/Constriction-palatine-glissement-fonctionnel-KaVe-iof-en-RC-orthodontiste-Chamberland-Quebec.jpg\" alt=\"Dental interference or prematurity causing a functional shift to the right-Dr Chamberland orthodontist in Quebec City\" width=\"350\" height=\"179\"><\/a><p id=\"caption-attachment-1414\" class=\"wp-caption-text\">Dental interference or prematurity causing a functional shift to the right<\/p><\/div>\n<p>If we manipulate the lower jaw, we can put in evidence the prematurity on the primary canines (red arrow) that makes the lower jaw deviate.<\/p>\n<p>We then say that the jaw is in&nbsp;<strong>centric relation<\/strong>, meaning that the left and right joints are centered in their respective articular fossa.<\/p>\n<p>It is from this point of contact that&nbsp;<strong>prematurity<\/strong>&nbsp;causes an&nbsp;<strong>interference that is said to be functional<\/strong>&nbsp;that forces the child to deviate the lower jaw to the right until the complete jaw closure.<\/p>\n<p>This interference probably appeared when the&nbsp;<strong>primary (lacteal) canines erupted<\/strong>, that is around the age of 16 to 22 months, thus limiting the development of the&nbsp;<strong>palate in width<\/strong>.<\/p>\n<div id=\"attachment_1421\" style=\"width: 814px\" class=\"wp-caption alignnone\"><a href=\"https:\/\/sylvainchamberland.com\/wp-content\/uploads\/2023\/04\/Laterodeviation-mandibulaire-et-articule-croise-posterieur-droit-crossbite-orthodontiste-Chamberland-Quebec.jpg\" target=\"_blank\" rel=\"noopener\"><img loading=\"lazy\" decoding=\"async\" aria-describedby=\"caption-attachment-1421\" class=\"size-full wp-image-1421\" title=\"Mandibular laterodeviation and right posterior crossbite-Dr Chamberland orthodontist in Quebec City\" src=\"https:\/\/sylvainchamberland.com\/wp-content\/uploads\/2023\/04\/Laterodeviation-mandibulaire-et-articule-croise-posterieur-droit-crossbite-orthodontiste-Chamberland-Quebec.jpg\" alt=\"Mandibular laterodeviation and right posterior crossbite-Dr Chamberland orthodontist in Quebec City\" width=\"804\" height=\"300\"><\/a><p id=\"caption-attachment-1421\" class=\"wp-caption-text\">Right facial asymmetry and right posterior crossbite<\/p><\/div>\n<p>It is important to understand that this deviation of the lower jaw to the right or to the left has an impact on facial symmetry.<\/p>\n<p>In fact, this causes&nbsp;<strong>asymmetry on the same side as the crossbite<\/strong>. On the picture on the opposite side, notice the left side of the jaw that seems longer than the right side. The left angle of the mandible is not equal to the right angle of the mandible.<\/p>\n<p>The&nbsp;<strong>center of the chin<\/strong>&nbsp;(red line)&nbsp;<strong>does not fit with the center of the face<\/strong>.<\/p>\n<p>This type of deviation is not permanent in a growing child. Correcting the width of the palate with a rapid palatal expander is enough to prevent the mandible from deviating on one side or another and for the face to regain a better symmetry.<\/p>\n<p>However, when growth is complete, asymmetry caused by the functional shift has good chances of becoming a&nbsp;<strong>permanent skeletal asymmetry<\/strong>.<\/p>\n<h3><a name=\"Bilateral_crossbite\"><\/a><\/h3>\n<h2>Bilateral posterior crossbite<\/h2>\n<div id=\"attachment_1452\" style=\"width: 360px\" class=\"wp-caption alignnone\"><a href=\"https:\/\/sylvainchamberland.com\/wp-content\/uploads\/2023\/04\/Articule-croise-posterieur-bilateral-crossbite-KimClo-iof-10-7-03orthodontiste-Chamberland-Quebec.jpg\" target=\"_blank\" rel=\"noopener\"><img loading=\"lazy\" decoding=\"async\" aria-describedby=\"caption-attachment-1452\" class=\"wp-image-1452 size-full\" title=\"Bilateral posterior crossbite-Dr Chamberland orthodontist in Quebec City\" src=\"https:\/\/sylvainchamberland.com\/wp-content\/uploads\/2023\/04\/Articule-croise-posterieur-bilateral-crossbite-KimClo-iof-10-7-03orthodontiste-Chamberland-Quebec.jpg\" alt=\"Bilateral posterior crossbite-Dr Chamberland orthodontist in Quebec City\" width=\"350\" height=\"176\"><\/a><p id=\"caption-attachment-1452\" class=\"wp-caption-text\">Bilateral posterior crossbite<\/p><\/div>\n<p>The lack of development of the maxilla in width can be such that the relationship between the posterior and lower teeth is inverted on both sides instead of only one. Such a palatal constriction causes a&nbsp;<strong>bilateral posterior crossbite<\/strong>.<\/p>\n<p>The&nbsp;<strong>maxilla<\/strong>&nbsp;is then significantly smaller,&nbsp;<strong>narrower<\/strong>. The&nbsp;<strong>lack of space<\/strong>, when all adult teeth are in the mouth, will be much&nbsp;<strong>more important<\/strong>. Often, a bilateral crossbite will be associated with chronic&nbsp;<strong>mouth breathing<\/strong>.<\/p>\n<p>To breathe through the mouth, the tongue must not be in contact with the palate, otherwise air would not pass through. The tongue thus does not participate in the development of the palate in width. To understand the role of the tongue and mouth breathing, I often use the following metaphor: small child, small tongue, big child, bigger tongue.<\/p>\n<p>As the child grows up, the tongue grows proportionally. Yet, if the tongue is never in contact with the palate because the child breathes almost exclusively through the mouth (the nose being blocked permanently either because of allergies or any other mechanical cause), the tongue does not participate in the development of the maxilla, because it is most often located between the teeth in the lower jaw. The treatment, apart from palatal expansion with an expansion appliance, has to include the&nbsp;<strong>search for causes of nasal obstruction and mouth breathing<\/strong>.<\/p>\n<p>Nevertheless, there will be&nbsp;<strong>no functional shift<\/strong>&nbsp;on one side or another unlike what we find when a unilateral crossbite is present.<\/p>\n<p><a href=\"#Top\">Back to top<\/a><\/p>\n<h3><a name=\"Rapid_palatal_expander\"><\/a><\/h3>\n<h2>Rapid palatal expander<\/h2>\n<h3>Hyrax<\/h3>\n<p>A rapid palatal expander is made of a micrometric screw that is incorporated into either a metal framework (Hyrax) or an acrylic structure (HAAS). The appliance is retained on the teeth either by bands, or by a covering made of acrylic covering the teeth completely and bonded to the posterior teeth. The screw allows the increase of the gap of both the left and right components of the appliance and, at the same time, causes a disjunction of the palatal suture.<\/p>\n<p>The rapid palatal expander is bonded to the teeth to allow a better lateral pressure.<\/p>\n<div id=\"attachment_1456\" style=\"width: 360px\" class=\"wp-caption alignleft\"><a href=\"https:\/\/sylvainchamberland.com\/wp-content\/uploads\/2023\/04\/Appareil-dexpansion-palatine-Hyrax-bibagueTre-Ly-occh-12-11-07Orthodontiste-Chamberland-Quebec_eng.jpg\" target=\"_blank\" rel=\"noopener\"><img loading=\"lazy\" decoding=\"async\" aria-describedby=\"caption-attachment-1456\" class=\"wp-image-1456 size-full\" title=\"Banded Hyrax rapid palatal expander-Dr Chamberland orthodontist in Quebec City\" src=\"https:\/\/sylvainchamberland.com\/wp-content\/uploads\/2023\/04\/Appareil-dexpansion-palatine-Hyrax-bibagueTre-Ly-occh-12-11-07Orthodontiste-Chamberland-Quebec_eng.jpg\" alt=\"Banded Hyrax rapid palatal expander-Dr Chamberland orthodontist in Quebec City\" width=\"350\" height=\"252\"><\/a><p id=\"caption-attachment-1456\" class=\"wp-caption-text\">Banded Hyrax rapid palatal expander<\/p><\/div>\n<h3><a name=\"Pendulum\"><\/a>Pendulum<\/h3>\n<p>Sometimes, it is necessary to expand the palate at the same time as we have to move teeth in the sagittal plane (front-back). The&nbsp;<strong>Pendulum<\/strong>&nbsp;is this kind of&nbsp;<strong>expansion appliance<\/strong>&nbsp;that allows the&nbsp;<strong>molars to move back<\/strong>&nbsp;by using the&nbsp;<strong>palatal vault and the premolars<\/strong>&nbsp;as&nbsp;<strong>anchor points<\/strong>&nbsp;to push on the molars.<\/p>\n<div id=\"attachment_2142\" style=\"width: 760px\" class=\"wp-caption aligncenter\"><a href=\"https:\/\/sylvainchamberland.com\/wp-content\/uploads\/2023\/04\/Appareil-dexpansion-Pendulum-EmMa-Orthodontiste-Chamberland-Quebec_eng.jpg\" target=\"_blank\" rel=\"noopener\"><img loading=\"lazy\" decoding=\"async\" aria-describedby=\"caption-attachment-2142\" class=\"size-full wp-image-2142\" title=\"Pendulum expansion appliance-Dr Chamberland orthodontist in Quebec City\" src=\"https:\/\/sylvainchamberland.com\/wp-content\/uploads\/2023\/04\/Appareil-dexpansion-Pendulum-EmMa-Orthodontiste-Chamberland-Quebec_eng.jpg\" alt=\"Pendulum expansion appliance-Dr Chamberland orthodontist in Quebec City\" width=\"750\" height=\"187\"><\/a><p id=\"caption-attachment-2142\" class=\"wp-caption-text\">Pendulum expansion appliance<\/p><\/div>\n<p>In image A of the figure above, you will see that the&nbsp;<strong>expansion screw<\/strong>&nbsp;is&nbsp;<strong>open<\/strong>&nbsp;and that the&nbsp;<strong>pink plastic pieces are separated<\/strong>&nbsp;from one another. The&nbsp;<strong>expansion phase<\/strong>&nbsp;is thus completed. The&nbsp;<strong>stabilization wires<\/strong>&nbsp;are&nbsp;<strong>cut<\/strong>&nbsp;at that moment to allow the&nbsp;<strong>distallization springs<\/strong>&nbsp;to&nbsp;<strong>move the molars back<\/strong>&nbsp;(green arrows, image A). In image B, you will see that&nbsp;<strong>a space was created<\/strong>&nbsp;between the premolars and the molars. The distallization springs which had been&nbsp;<strong>preactivated<\/strong>&nbsp;before the bonding of the appliance were deployed in the direction indicated by the&nbsp;<strong>blue arrows<\/strong>. The movement of the springs is a&nbsp;<strong>rotation movement<\/strong>&nbsp;(as to unscrew a lid) which is done in a&nbsp;<strong>plane parallel to the palatal vault<\/strong>, which prevents the molars from tipping over. Thus the molars are straighter after moving back.<\/p>\n<p>The&nbsp;<strong>second premolars<\/strong>&nbsp;are then&nbsp;<strong>disengaged from their occlusal rest<\/strong>&nbsp;and they&nbsp;<strong>start moving back<\/strong>&nbsp;(green arrows, image B). In image C, the spaces are now&nbsp;<strong>between the first and second premolars<\/strong>. The occlusal rest on the&nbsp;<strong>first premolars<\/strong>&nbsp;are cut in turn and they will then be able to&nbsp;<strong>move back in the space newly created<\/strong>. This type of appliance was used in the treatment of the case explained in detail on the page of treated case\/<a title=\"Class II division 2\" href=\"https:\/\/www.sylvainchamberland.com\/en\/treated-cases\/classe-ii-division-2-impaction-canine-posterior-crossbite\" target=\"_blank\" rel=\"noopener\"><strong>Class II division 2<\/strong><\/a>.<\/p>\n<h3><a name=\"How_is_it_possible\"><\/a><\/h3>\n<h2>How is it possible to expand the palate?<\/h2>\n<div id=\"attachment_1460\" style=\"width: 275px\" class=\"wp-caption alignleft\"><a href=\"https:\/\/sylvainchamberland.com\/wp-content\/uploads\/2023\/04\/Vue-occlusale-du-maxillaire-superieur-suture-intermaxillaire-et-interpalatine-orthodontiste-Chamberland-Quebec.jpg\" target=\"_blank\" rel=\"noopener\"><img loading=\"lazy\" decoding=\"async\" aria-describedby=\"caption-attachment-1460\" class=\"size-full wp-image-1460\" title=\"Occlusal view of upper maxilla intermaxillary and interpalatal suture-Dr Chamberland orthodontist in Quebec City\" src=\"https:\/\/sylvainchamberland.com\/wp-content\/uploads\/2023\/04\/Vue-occlusale-du-maxillaire-superieur-suture-intermaxillaire-et-interpalatine-orthodontiste-Chamberland-Quebec.jpg\" alt=\"Occlusal view of upper maxilla intermaxillary and interpalatal suture-Dr Chamberland orthodontist in Quebec City\" width=\"265\" height=\"246\"><\/a><p id=\"caption-attachment-1460\" class=\"wp-caption-text\">Intermaxillary suture<\/p><\/div>\n<p>The maxilla is a&nbsp;<strong>paired bone<\/strong>, meaning that there are 2 of them in the human body. It is made of a left maxillary bone and a right maxillary bone. These 2 hemimaxillas are connected together by the&nbsp;<strong>intermaxillary suture<\/strong>&nbsp;(red arrows) and to other bones of the skull, such as the zygomatic bone, the palatine bone, the sphenoid bone, to name only these ones.<\/p>\n<p>When an individual is growing, the suture that connects 2 consecutive bones contains&nbsp;<strong>cartilage<\/strong>. The presence of this cartilage allows the&nbsp;<strong>disjunction of the hemimaxillas<\/strong>&nbsp;under the force created by the&nbsp;<strong>daily activation of the expansion jackscrew<\/strong>&nbsp;depending on the duration and the amount prescribed by the orthodontist to obtain the required width.<\/p>\n<p>At the end of the expansion, a&nbsp;<strong>space between both incisors<\/strong>&nbsp;will often be seen (arrow #3). The presence of this space or&nbsp;<strong>diastema<\/strong>&nbsp;proves that the 2 hemimaxillas were&nbsp;<strong>adequately separated<\/strong>&nbsp;(arrows #1)&nbsp;<strong>at the intermaxillary suture level<\/strong>&nbsp;during the activation of the appliance (arrow #2).<\/p>\n<p>The gap between both incisors can be seen well in front view. This space will close up with the traction of gingival fibers attached to teeth. This movement starts as soon as the appliance is no longer activated.<\/p>\n<p>It is normal to observe&nbsp;<strong>sensitivity in the incisors<\/strong>&nbsp;while the gap increases during the activation of the appliance.<\/p>\n<p>Some patients will even feel a&nbsp;<strong>sensation of pressure at the base of the nose<\/strong>&nbsp;between the eyes. As you can see it on the X-ray, the maxillary disjunction has repercussions on all other sutures of the maxilla and these sutures remotely feel the pressure applied by the disjunctor. The sutures adjust and remodel themselves to absorb the pressure.<\/p>\n<div id=\"attachment_1464\" style=\"width: 360px\" class=\"wp-caption alignleft\"><a href=\"https:\/\/sylvainchamberland.com\/wp-content\/uploads\/2023\/04\/Vue-PA-fin-de-disjonction-du-maxillaire-orthodontiste-chamberland-quebec.jpg\" target=\"_blank\" rel=\"noopener\"><img loading=\"lazy\" decoding=\"async\" aria-describedby=\"caption-attachment-1464\" class=\"wp-image-1464 size-full\" title=\"Posteroanterior view end of maxillary disjunction-Dr Chamberland orthodontist in Quebec City\" src=\"https:\/\/sylvainchamberland.com\/wp-content\/uploads\/2023\/04\/Vue-PA-fin-de-disjonction-du-maxillaire-orthodontiste-chamberland-quebec.jpg\" alt=\"View PA end of maxillary disjunction-Dr Chamberland orthodontist in Quebec City\" width=\"350\" height=\"262\"><\/a><p id=\"caption-attachment-1464\" class=\"wp-caption-text\">Posteroanterior view at the end of the palatal expansion. (1) The intermaxillary suture is separated. (2) The screw is activated and the left and right elements are separated. (3) A space (diastema) can be seen between both incisors.<\/p><\/div>\n<div id=\"attachment_1662\" style=\"width: 810px\" class=\"wp-caption alignnone\"><a href=\"https:\/\/sylvainchamberland.com\/wp-content\/uploads\/2023\/04\/Avant-et-apres-expansion-Ly-Tr-Chamberland-Orthodontiste-a-Quebec_eng.jpg\" target=\"_blank\" rel=\"noopener\"><img loading=\"lazy\" decoding=\"async\" aria-describedby=\"caption-attachment-1662\" class=\"wp-image-1662 size-full\" title=\"Before and after expansion-Dr Chamberland orthodontist in Quebec City\" src=\"https:\/\/sylvainchamberland.com\/wp-content\/uploads\/2023\/04\/Avant-et-apres-expansion-Ly-Tr-Chamberland-Orthodontiste-a-Quebec_eng.jpg\" alt=\"Before and after expansion-Dr Chamberland orthodontist in Quebec City\" width=\"800\" height=\"214\"><\/a><p id=\"caption-attachment-1662\" class=\"wp-caption-text\">Start and end of palatal expansion.<\/p><\/div>\n<div id=\"attachment_1665\" style=\"width: 717px\" class=\"wp-caption alignnone\"><a href=\"https:\/\/sylvainchamberland.com\/wp-content\/uploads\/2023\/04\/Apres-expansion-et-6-mois-plus-tard-Chamberland-orthodontiste-a-Quebec_eng.jpg\" target=\"_blank\" rel=\"noopener\"><img loading=\"lazy\" decoding=\"async\" aria-describedby=\"caption-attachment-1665\" class=\"wp-image-1665 size-full\" title=\"After expansion and 6 months later-Dr Chamberland orthodontist in Quebec City\" src=\"https:\/\/sylvainchamberland.com\/wp-content\/uploads\/2023\/04\/Apres-expansion-et-6-mois-plus-tard-Chamberland-orthodontiste-a-Quebec_eng.jpg\" alt=\"After expansion and 6 months later-Dr Chamberland orthodontist in Quebec City\" width=\"707\" height=\"214\"><\/a><p id=\"caption-attachment-1665\" class=\"wp-caption-text\">Occlusal view at the end of the expansion and front view when the appliance was removed 6 months after stopping the expansion<\/p><\/div>\n<h3><a name=\"Function\"><\/a><\/h3>\n<p><a href=\"#Top\">Back to top<\/a><\/p>\n<h2>Function of the palatal expansion device<\/h2>\n<div id=\"attachment_1825\" style=\"width: 410px\" class=\"wp-caption alignnone\"><a href=\"https:\/\/sylvainchamberland.com\/wp-content\/uploads\/2023\/04\/Expansion-Hilgers-avant-apres-orthodontiste-Chamberland-Quebec_eng.jpg\" target=\"_blank\" rel=\"noopener\"><img loading=\"lazy\" decoding=\"async\" aria-describedby=\"caption-attachment-1825\" class=\" wp-image-1825 size-full\" title=\"Hilgers expansion before after-Dr Chamberland orthodontist in Quebec City\" src=\"https:\/\/sylvainchamberland.com\/wp-content\/uploads\/2023\/04\/Expansion-Hilgers-avant-apres-orthodontiste-Chamberland-Quebec_eng.jpg\" alt=\"Hilgers expansion before after-Dr Chamberland orthodontist in Quebec City\" width=\"400\" height=\"169\"><\/a><p id=\"caption-attachment-1825\" class=\"wp-caption-text\">Hilgers palatal expander. Before and after expansion.<\/p><\/div>\n<p>The appliance is used to increase the width of the palatal vault and allows the&nbsp;<strong>coordination<\/strong>&nbsp;of the width of the upper dentition with the width of the mandibular dentition. On the opposite side, the expansion was obtained by a&nbsp;<strong>banded appliance for which the screw is soldered into acrylic plates surrounded by a metal framework<\/strong>. The bands of the appliance are bonded by&nbsp;<strong>spring helices<\/strong>&nbsp;which allow a &#8220;derotation&#8221; movement as shown by the blue arrows. This derotation movement allows the first molars to move back by 1 to 2 mm, because the appliance is held anteriorly by occlusal rests bonded to the premolars. Palatal expansion allows the anterior part of the dentition to be rounder. It becomes less ogival.<\/p>\n<p>This appliance drawing was designed by James Hilgers and published in the Journal of Clinical Orthodontics en 1991.&nbsp;<a title=\"James Hilgers' appliance drawing\" href=\"https:\/\/www.sylvainchamberland.com\/wp-content\/uploads\/2010\/08\/A-Palatal-Expansion-Appliance-for-Non-Compliance-Therapy-JCO-ONLINE.COM-Journal-of-Clinical-Orthodontics.pdf\" target=\"_blank\" rel=\"noopener\">JCO 1991, v25, #8, p491-497 JCO-ONLINE.COM<\/a>.<\/p>\n<p>It is thus an appliance that I have been using&nbsp;<strong>for 20 years<\/strong>&nbsp;just like the Hyrax. Each has its benefits and disadvantages, but&nbsp;<strong>their efficiency in terms of expansion is completely similar<\/strong>. They have their precise indications and&nbsp;<strong>it is up to the orthodontist to choose one model over the other<\/strong>.<\/p>\n<p>Note that another design of&nbsp;<strong>expansion appliance using occlusal coverage<\/strong>, bonded to posterior teeth, without bands, exists. I prefer banded appliances over bonded appliances simply because it is much easier and much shorter to bond and remove a banded appliance than an appliance using occlusal coverage. With that being said, appliances using occlusal coverage are good appliances and I sometimes use them. Even then, precise indications guide my choice.<\/p>\n<h3><a name=\"Duration\"><\/a><\/h3>\n<h2>Duration of the palatal expansion<\/h2>\n<p>The expansion of the micrometric screw is done with&nbsp;<strong>one activation per day<\/strong>&nbsp;which represents&nbsp;<strong>0.2 mm to 0.25 mm per day<\/strong>. The appliance thus needs to be activated during&nbsp;<strong>about thirty consecutive days (1 month)<\/strong>&nbsp;to obtain a 6-mm expansion. A&nbsp;<strong>check-up visit<\/strong>&nbsp;is done&nbsp;<strong>14 to 15 days after starting<\/strong>&nbsp;the expansion to ensure:<\/p>\n<p>that everything is going well,<\/p>\n<p>that activation is done correctly,<\/p>\n<p>that the appliance is bonded correctly,<\/p>\n<p>to confirm the number of remaining days of activation.<\/p>\n<p>About&nbsp;<strong>30 days after starting the activation<\/strong>, another check-up visit is necessary. The orthodontist then verifies the transverse relationship (width) of the maxilla with the mandible.&nbsp;<strong>You then stop activating the appliance.<\/strong><\/p>\n<p>The expansion appliance will&nbsp;<strong>stay in place for 6 months<\/strong>. Thus, this makes up a&nbsp;<strong>total of 7 months<\/strong>&nbsp;between the moment the appliance is put in place and when it is removed.<\/p>\n<p>Thus, the duration of the treatment with this appliance is generally 1 month of activation and 6 months of retention.<\/p>\n<p><a name=\"Turns\"><\/a><\/p>\n<h2>Turns or activations of the expansion device<\/h2>\n<p>The posology of the&nbsp;<strong>number of days of activation<\/strong>&nbsp;(1 activation\/day) is prescribed depending on the case. This can vary from&nbsp;<strong>14 to 40 days of activation<\/strong>. It is important to understand that&nbsp;<strong>one activation corresponds to one-quarter (\u00bc) turn<\/strong>&nbsp;and not a complete turn or revolution of the cylinder.<\/p>\n<div id=\"attachment_3258\" style=\"width: 320px\" class=\"wp-caption alignleft\"><a href=\"https:\/\/sylvainchamberland.com\/wp-content\/uploads\/2023\/04\/Vis-dexpansion-orthodontiste-Chamberland-Quebec_eng.jpg\" target=\"_blank\" rel=\"noopener\"><img loading=\"lazy\" decoding=\"async\" aria-describedby=\"caption-attachment-3258\" class=\"size-full wp-image-3258\" title=\"Expansion screw-Dr Chamberland orthodontist in Quebec City\" src=\"https:\/\/sylvainchamberland.com\/wp-content\/uploads\/2023\/04\/Vis-dexpansion-orthodontiste-Chamberland-Quebec_eng.jpg\" alt=\"Expansion screw-Dr Chamberland orthodontist in Quebec City\" width=\"310\" height=\"194\"><\/a><p id=\"caption-attachment-3258\" class=\"wp-caption-text\">Hyrax palatal disjunctor screw<\/p><\/div>\n<p>To understand well how it works, first it is useful to know how a palatal disjunctor screw is made.<\/p>\n<p>A&nbsp;<strong>palatal disjunctor<\/strong>&nbsp;is made of&nbsp;<strong>rigid connectors<\/strong>&nbsp;and&nbsp;<strong>framework<\/strong>&nbsp;(green arrows). A&nbsp;<strong>never-ending screw<\/strong>&nbsp;joins both parts of the framework. A&nbsp;<strong>perforated cylinder<\/strong> is located in the middle of the screw, which makes 4 holes in the cylinder.<\/p>\n<h4><a name=\"How_to_activate\"><\/a><\/h4>\n<p><strong>How to activate the screw of the expander<\/strong><\/p>\n<h4>A plastic handle with a rigid metal rod in one end is used to activate the screw.<\/h4>\n<p>1- Insert the round rod into the little hole on the perforated cylinder. Push the rod in until it is stopped by the step bend of the rod. Do not be afraid to touch the palate, because the rod is stopped by the step bend.<\/p>\n<p>2- Push the plastic handle backward. The cylinder will make a revolution backward. A revolution represents \u00bc turn or 90\u00b0.<\/p>\n<p>3- As this backward revolution of the screw occurs (blue arrow), the metal rod makes a revolution on the opposite side (red arrow) in the plastic handle.<\/p>\n<p>4- At the end of the revolution, a new hole has appeared at the front. It is important to push the handle until the hole appears.<\/p>\n<p>5- Remove the rod by making a vertical movement downward (red arrow). It is important that the child has his mouth wide open and does not push his tongue upward against the handle.<\/p>\n<div id=\"attachment_3261\" style=\"width: 460px\" class=\"wp-caption alignnone\"><a href=\"https:\/\/sylvainchamberland.com\/wp-content\/uploads\/2023\/04\/1-Comment-activer-appareil-dexpansion-etape-1-orthodontiste-Chamberland-Quebec.jpg\" target=\"_blank\" rel=\"noopener\"><img loading=\"lazy\" decoding=\"async\" aria-describedby=\"caption-attachment-3261\" class=\"wp-image-3261 size-full\" title=\"1-How to activate expander step 1-Dr Chamberland orthodontist in Quebec City\" src=\"https:\/\/sylvainchamberland.com\/wp-content\/uploads\/2023\/04\/1-Comment-activer-appareil-dexpansion-etape-1-orthodontiste-Chamberland-Quebec.jpg\" alt=\"1-How to activate expander step 1-Dr Chamberland orthodontist in Quebec City\" width=\"450\" height=\"272\"><\/a><p id=\"caption-attachment-3261\" class=\"wp-caption-text\">Figure 1: Insert the rod in the hole of the cylinder.<\/p><\/div>\n<div id=\"attachment_3262\" style=\"width: 460px\" class=\"wp-caption alignnone\"><a href=\"https:\/\/sylvainchamberland.com\/wp-content\/uploads\/2023\/04\/2-Comment-activer-appareil-dexpansion-etape-2-Orthodontiste-Chamberland-Quebec.jpg\" target=\"_blank\" rel=\"noopener\"><img loading=\"lazy\" decoding=\"async\" aria-describedby=\"caption-attachment-3262\" class=\"wp-image-3262 size-full\" title=\"2-How to activate expander step 2-Dr Chamberland orthodontist in Quebec City\" src=\"https:\/\/sylvainchamberland.com\/wp-content\/uploads\/2023\/04\/2-Comment-activer-appareil-dexpansion-etape-2-Orthodontiste-Chamberland-Quebec.jpg\" alt=\"2-How to activate expander step 2-Dr Chamberland orthodontist in Quebec City\" width=\"450\" height=\"306\"><\/a><p id=\"caption-attachment-3262\" class=\"wp-caption-text\">Figure 2: The rod is well inserted. You can push the handle to start the activation cycle.<\/p><\/div>\n<div id=\"attachment_3266\" style=\"width: 460px\" class=\"wp-caption alignnone\"><a href=\"https:\/\/sylvainchamberland.com\/wp-content\/uploads\/2023\/04\/3-Comment-activer-appareil-dexpansion-etape-3-Orthodontiste-Chamberland-Quebec.jpg\" target=\"_blank\" rel=\"noopener\"><img loading=\"lazy\" decoding=\"async\" aria-describedby=\"caption-attachment-3266\" class=\"wp-image-3266 size-full\" title=\"3-How to activate expander step 3-Dr Chamberland orthodontist in Quebec City\" src=\"https:\/\/sylvainchamberland.com\/wp-content\/uploads\/2023\/04\/3-Comment-activer-appareil-dexpansion-etape-3-Orthodontiste-Chamberland-Quebec.jpg\" alt=\"3-How to activate expander step 3-Dr Chamberland orthodontist in Quebec City\" width=\"450\" height=\"354\"><\/a><p id=\"caption-attachment-3266\" class=\"wp-caption-text\">Figure 3: Push the handle backward.<\/p><\/div>\n<div id=\"attachment_3275\" style=\"width: 460px\" class=\"wp-caption alignnone\"><a href=\"https:\/\/sylvainchamberland.com\/wp-content\/uploads\/2023\/04\/4-Comment-activer-appareil-dexpansion-etape-4-Orthodontiste-Chamberland-Quebec.jpg\" target=\"_blank\" rel=\"noopener\"><img loading=\"lazy\" decoding=\"async\" aria-describedby=\"caption-attachment-3275\" class=\"wp-image-3275 size-full\" title=\"4-How to activate expander step 4-Dr Chamberland orthodontist in Quebec City\" src=\"https:\/\/sylvainchamberland.com\/wp-content\/uploads\/2023\/04\/4-Comment-activer-appareil-dexpansion-etape-4-Orthodontiste-Chamberland-Quebec.jpg\" alt=\"4-How to activate expander step 4-Dr Chamberland orthodontist in Quebec City\" width=\"450\" height=\"330\"><\/a><p id=\"caption-attachment-3275\" class=\"wp-caption-text\">Figure 4: At the end of the one-quarter turn of activation, a new hole appears on the cylinder.<\/p><\/div>\n<div id=\"attachment_3277\" style=\"width: 460px\" class=\"wp-caption alignnone\"><a href=\"https:\/\/sylvainchamberland.com\/wp-content\/uploads\/2023\/04\/5-Comment-activer-appareil-dexpansion-etape-5-orthodontiste-Chamberland-Quebec.jpg\" target=\"_blank\" rel=\"noopener\"><img loading=\"lazy\" decoding=\"async\" aria-describedby=\"caption-attachment-3277\" class=\"wp-image-3277 size-full\" title=\"5-How to activate expander step 5-Dr Chamberland orthodontist in Quebec City\" src=\"https:\/\/sylvainchamberland.com\/wp-content\/uploads\/2023\/04\/5-Comment-activer-appareil-dexpansion-etape-5-orthodontiste-Chamberland-Quebec.jpg\" alt=\"5-How to activate expander step 5-Dr Chamberland orthodontist in Quebec City\" width=\"450\" height=\"328\"><\/a><p id=\"caption-attachment-3277\" class=\"wp-caption-text\">Figure 5: Remove the rod from the perforated cylinder.<\/p><\/div>\n<p><a href=\"#Top\">Back to top<\/a><\/p>\n","protected":false},"excerpt":{"rendered":"<p>Narrow palate or palate that is not large enough. What does it mean? I put a Keynote presentation online entitled &#8220;d\u00e9ficiences transversales du maxillaire&#8221; (transverse maxillary deficiencies). The following text is a similar version with more descriptive text to help the uninitiated reader to understand, because the Keynote presentation is made for dentists. This Keynote [&hellip;]<\/p>\n","protected":false},"author":2,"featured_media":13511,"comment_status":"open","ping_status":"closed","sticky":false,"template":"","format":"standard","meta":{"_acf_changed":false,"inline_featured_image":false,"footnotes":""},"categories":[422],"tags":[721],"class_list":["post-22288","post","type-post","status-publish","format-standard","has-post-thumbnail","hentry","category-appliances","tag-maxillary-expansion"],"acf":[],"yoast_head":"<!-- This site is optimized with the Yoast SEO plugin v23.9 - https:\/\/yoast.com\/wordpress\/plugins\/seo\/ -->\n<title>Palatal expansion - Dr. Sylvain Chamberland, Orthodontist<\/title>\n<meta name=\"description\" content=\"Palatal Expansion: Learn about this orthodontic procedure for improved oral health and a beautiful smile. Discover more today!\" \/>\n<meta name=\"robots\" content=\"index, follow, max-snippet:-1, max-image-preview:large, max-video-preview:-1\" \/>\n<link rel=\"canonical\" href=\"https:\/\/www.sylvainchamberland.com\/en\/palatal-expansion\/\" \/>\n<meta property=\"og:locale\" content=\"en_US\" \/>\n<meta property=\"og:type\" content=\"article\" \/>\n<meta property=\"og:title\" content=\"Palatal expansion - Dr. Sylvain Chamberland, Orthodontist\" \/>\n<meta property=\"og:description\" content=\"Palatal Expansion: Learn about this orthodontic procedure for improved oral health and a beautiful smile. Discover more today!\" \/>\n<meta property=\"og:url\" content=\"https:\/\/www.sylvainchamberland.com\/en\/palatal-expansion\/\" \/>\n<meta property=\"og:site_name\" content=\"Dr. Sylvain Chamberland, Orthodontist\" \/>\n<meta property=\"article:published_time\" content=\"2016-03-08T00:00:00+00:00\" \/>\n<meta property=\"article:modified_time\" content=\"2023-08-21T13:27:57+00:00\" \/>\n<meta property=\"og:image\" content=\"https:\/\/www.sylvainchamberland.com\/wp-content\/uploads\/2023\/04\/Vis-dexpansion-orthodontiste-Chamberland-Quebec_eng.jpg\" \/>\n\t<meta property=\"og:image:width\" content=\"346\" \/>\n\t<meta property=\"og:image:height\" content=\"217\" \/>\n\t<meta property=\"og:image:type\" content=\"image\/jpeg\" \/>\n<meta name=\"author\" content=\"Dr Sylvain Chamberland, Orthodontiste\" \/>\n<meta name=\"twitter:card\" content=\"summary_large_image\" \/>\n<meta name=\"twitter:label1\" content=\"Written by\" \/>\n\t<meta name=\"twitter:data1\" content=\"Dr Sylvain Chamberland, Orthodontiste\" \/>\n\t<meta name=\"twitter:label2\" content=\"Est. reading time\" \/>\n\t<meta name=\"twitter:data2\" content=\"16 minutes\" \/>\n<script type=\"application\/ld+json\" class=\"yoast-schema-graph\">{\"@context\":\"https:\/\/schema.org\",\"@graph\":[{\"@type\":\"WebPage\",\"@id\":\"https:\/\/www.sylvainchamberland.com\/en\/palatal-expansion\/\",\"url\":\"https:\/\/www.sylvainchamberland.com\/en\/palatal-expansion\/\",\"name\":\"Palatal expansion - Dr. Sylvain Chamberland, Orthodontist\",\"isPartOf\":{\"@id\":\"https:\/\/www.sylvainchamberland.com\/en\/#website\"},\"primaryImageOfPage\":{\"@id\":\"https:\/\/www.sylvainchamberland.com\/en\/palatal-expansion\/#primaryimage\"},\"image\":{\"@id\":\"https:\/\/www.sylvainchamberland.com\/en\/palatal-expansion\/#primaryimage\"},\"thumbnailUrl\":\"https:\/\/www.sylvainchamberland.com\/wp-content\/uploads\/2023\/04\/Vis-dexpansion-orthodontiste-Chamberland-Quebec_eng.jpg\",\"datePublished\":\"2016-03-08T00:00:00+00:00\",\"dateModified\":\"2023-08-21T13:27:57+00:00\",\"author\":{\"@id\":\"https:\/\/www.sylvainchamberland.com\/en\/#\/schema\/person\/0e517e737298210e204323bf5c4269ce\"},\"description\":\"Palatal Expansion: Learn about this orthodontic procedure for improved oral health and a beautiful smile. Discover more today!\",\"breadcrumb\":{\"@id\":\"https:\/\/www.sylvainchamberland.com\/en\/palatal-expansion\/#breadcrumb\"},\"inLanguage\":\"en-US\",\"potentialAction\":[{\"@type\":\"ReadAction\",\"target\":[\"https:\/\/www.sylvainchamberland.com\/en\/palatal-expansion\/\"]}]},{\"@type\":\"ImageObject\",\"inLanguage\":\"en-US\",\"@id\":\"https:\/\/www.sylvainchamberland.com\/en\/palatal-expansion\/#primaryimage\",\"url\":\"https:\/\/www.sylvainchamberland.com\/wp-content\/uploads\/2023\/04\/Vis-dexpansion-orthodontiste-Chamberland-Quebec_eng.jpg\",\"contentUrl\":\"https:\/\/www.sylvainchamberland.com\/wp-content\/uploads\/2023\/04\/Vis-dexpansion-orthodontiste-Chamberland-Quebec_eng.jpg\",\"width\":346,\"height\":217},{\"@type\":\"BreadcrumbList\",\"@id\":\"https:\/\/www.sylvainchamberland.com\/en\/palatal-expansion\/#breadcrumb\",\"itemListElement\":[{\"@type\":\"ListItem\",\"position\":1,\"name\":\"Accueil\",\"item\":\"https:\/\/www.sylvainchamberland.com\/en\/\"},{\"@type\":\"ListItem\",\"position\":2,\"name\":\"Palatal expansion\"}]},{\"@type\":\"WebSite\",\"@id\":\"https:\/\/www.sylvainchamberland.com\/en\/#website\",\"url\":\"https:\/\/www.sylvainchamberland.com\/en\/\",\"name\":\"Dr. Sylvain Chamberland, Orthodontist\",\"description\":\"\",\"potentialAction\":[{\"@type\":\"SearchAction\",\"target\":{\"@type\":\"EntryPoint\",\"urlTemplate\":\"https:\/\/www.sylvainchamberland.com\/en\/?s={search_term_string}\"},\"query-input\":{\"@type\":\"PropertyValueSpecification\",\"valueRequired\":true,\"valueName\":\"search_term_string\"}}],\"inLanguage\":\"en-US\"},{\"@type\":\"Person\",\"@id\":\"https:\/\/www.sylvainchamberland.com\/en\/#\/schema\/person\/0e517e737298210e204323bf5c4269ce\",\"name\":\"Dr Sylvain Chamberland, Orthodontiste\",\"image\":{\"@type\":\"ImageObject\",\"inLanguage\":\"en-US\",\"@id\":\"https:\/\/www.sylvainchamberland.com\/en\/#\/schema\/person\/image\/\",\"url\":\"https:\/\/secure.gravatar.com\/avatar\/06a4c85afdb980d645424e831757cd84?s=96&d=mm&r=g\",\"contentUrl\":\"https:\/\/secure.gravatar.com\/avatar\/06a4c85afdb980d645424e831757cd84?s=96&d=mm&r=g\",\"caption\":\"Dr Sylvain Chamberland, Orthodontiste\"}}]}<\/script>\n<!-- \/ Yoast SEO plugin. -->","yoast_head_json":{"title":"Palatal expansion - Dr. Sylvain Chamberland, Orthodontist","description":"Palatal Expansion: Learn about this orthodontic procedure for improved oral health and a beautiful smile. Discover more today!","robots":{"index":"index","follow":"follow","max-snippet":"max-snippet:-1","max-image-preview":"max-image-preview:large","max-video-preview":"max-video-preview:-1"},"canonical":"https:\/\/www.sylvainchamberland.com\/en\/palatal-expansion\/","og_locale":"en_US","og_type":"article","og_title":"Palatal expansion - Dr. Sylvain Chamberland, Orthodontist","og_description":"Palatal Expansion: Learn about this orthodontic procedure for improved oral health and a beautiful smile. Discover more today!","og_url":"https:\/\/www.sylvainchamberland.com\/en\/palatal-expansion\/","og_site_name":"Dr. Sylvain Chamberland, Orthodontist","article_published_time":"2016-03-08T00:00:00+00:00","article_modified_time":"2023-08-21T13:27:57+00:00","og_image":[{"width":346,"height":217,"url":"https:\/\/www.sylvainchamberland.com\/wp-content\/uploads\/2023\/04\/Vis-dexpansion-orthodontiste-Chamberland-Quebec_eng.jpg","type":"image\/jpeg"}],"author":"Dr Sylvain Chamberland, Orthodontiste","twitter_card":"summary_large_image","twitter_misc":{"Written by":"Dr Sylvain Chamberland, Orthodontiste","Est. reading time":"16 minutes"},"schema":{"@context":"https:\/\/schema.org","@graph":[{"@type":"WebPage","@id":"https:\/\/www.sylvainchamberland.com\/en\/palatal-expansion\/","url":"https:\/\/www.sylvainchamberland.com\/en\/palatal-expansion\/","name":"Palatal expansion - Dr. Sylvain Chamberland, Orthodontist","isPartOf":{"@id":"https:\/\/www.sylvainchamberland.com\/en\/#website"},"primaryImageOfPage":{"@id":"https:\/\/www.sylvainchamberland.com\/en\/palatal-expansion\/#primaryimage"},"image":{"@id":"https:\/\/www.sylvainchamberland.com\/en\/palatal-expansion\/#primaryimage"},"thumbnailUrl":"https:\/\/www.sylvainchamberland.com\/wp-content\/uploads\/2023\/04\/Vis-dexpansion-orthodontiste-Chamberland-Quebec_eng.jpg","datePublished":"2016-03-08T00:00:00+00:00","dateModified":"2023-08-21T13:27:57+00:00","author":{"@id":"https:\/\/www.sylvainchamberland.com\/en\/#\/schema\/person\/0e517e737298210e204323bf5c4269ce"},"description":"Palatal Expansion: Learn about this orthodontic procedure for improved oral health and a beautiful smile. Discover more today!","breadcrumb":{"@id":"https:\/\/www.sylvainchamberland.com\/en\/palatal-expansion\/#breadcrumb"},"inLanguage":"en-US","potentialAction":[{"@type":"ReadAction","target":["https:\/\/www.sylvainchamberland.com\/en\/palatal-expansion\/"]}]},{"@type":"ImageObject","inLanguage":"en-US","@id":"https:\/\/www.sylvainchamberland.com\/en\/palatal-expansion\/#primaryimage","url":"https:\/\/www.sylvainchamberland.com\/wp-content\/uploads\/2023\/04\/Vis-dexpansion-orthodontiste-Chamberland-Quebec_eng.jpg","contentUrl":"https:\/\/www.sylvainchamberland.com\/wp-content\/uploads\/2023\/04\/Vis-dexpansion-orthodontiste-Chamberland-Quebec_eng.jpg","width":346,"height":217},{"@type":"BreadcrumbList","@id":"https:\/\/www.sylvainchamberland.com\/en\/palatal-expansion\/#breadcrumb","itemListElement":[{"@type":"ListItem","position":1,"name":"Accueil","item":"https:\/\/www.sylvainchamberland.com\/en\/"},{"@type":"ListItem","position":2,"name":"Palatal expansion"}]},{"@type":"WebSite","@id":"https:\/\/www.sylvainchamberland.com\/en\/#website","url":"https:\/\/www.sylvainchamberland.com\/en\/","name":"Dr. Sylvain Chamberland, Orthodontist","description":"","potentialAction":[{"@type":"SearchAction","target":{"@type":"EntryPoint","urlTemplate":"https:\/\/www.sylvainchamberland.com\/en\/?s={search_term_string}"},"query-input":{"@type":"PropertyValueSpecification","valueRequired":true,"valueName":"search_term_string"}}],"inLanguage":"en-US"},{"@type":"Person","@id":"https:\/\/www.sylvainchamberland.com\/en\/#\/schema\/person\/0e517e737298210e204323bf5c4269ce","name":"Dr Sylvain Chamberland, Orthodontiste","image":{"@type":"ImageObject","inLanguage":"en-US","@id":"https:\/\/www.sylvainchamberland.com\/en\/#\/schema\/person\/image\/","url":"https:\/\/secure.gravatar.com\/avatar\/06a4c85afdb980d645424e831757cd84?s=96&d=mm&r=g","contentUrl":"https:\/\/secure.gravatar.com\/avatar\/06a4c85afdb980d645424e831757cd84?s=96&d=mm&r=g","caption":"Dr Sylvain Chamberland, Orthodontiste"}}]}},"_links":{"self":[{"href":"https:\/\/www.sylvainchamberland.com\/en\/wp-json\/wp\/v2\/posts\/22288","targetHints":{"allow":["GET"]}}],"collection":[{"href":"https:\/\/www.sylvainchamberland.com\/en\/wp-json\/wp\/v2\/posts"}],"about":[{"href":"https:\/\/www.sylvainchamberland.com\/en\/wp-json\/wp\/v2\/types\/post"}],"author":[{"embeddable":true,"href":"https:\/\/www.sylvainchamberland.com\/en\/wp-json\/wp\/v2\/users\/2"}],"replies":[{"embeddable":true,"href":"https:\/\/www.sylvainchamberland.com\/en\/wp-json\/wp\/v2\/comments?post=22288"}],"version-history":[{"count":5,"href":"https:\/\/www.sylvainchamberland.com\/en\/wp-json\/wp\/v2\/posts\/22288\/revisions"}],"predecessor-version":[{"id":27200,"href":"https:\/\/www.sylvainchamberland.com\/en\/wp-json\/wp\/v2\/posts\/22288\/revisions\/27200"}],"wp:featuredmedia":[{"embeddable":true,"href":"https:\/\/www.sylvainchamberland.com\/en\/wp-json\/wp\/v2\/media\/13511"}],"wp:attachment":[{"href":"https:\/\/www.sylvainchamberland.com\/en\/wp-json\/wp\/v2\/media?parent=22288"}],"wp:term":[{"taxonomy":"category","embeddable":true,"href":"https:\/\/www.sylvainchamberland.com\/en\/wp-json\/wp\/v2\/categories?post=22288"},{"taxonomy":"post_tag","embeddable":true,"href":"https:\/\/www.sylvainchamberland.com\/en\/wp-json\/wp\/v2\/tags?post=22288"}],"curies":[{"name":"wp","href":"https:\/\/api.w.org\/{rel}","templated":true}]}}