{"id":22303,"date":"2016-03-08T00:00:00","date_gmt":"2016-03-08T00:00:00","guid":{"rendered":"https:\/\/sylvainchamberland.com\/class-ii-division-1-2\/"},"modified":"2023-08-21T13:31:57","modified_gmt":"2023-08-21T13:31:57","slug":"class-ii-division-1-2","status":"publish","type":"post","link":"https:\/\/www.sylvainchamberland.com\/en\/class-ii-division-1-2\/","title":{"rendered":"Class II division 1"},"content":{"rendered":"<h3><a name=\"top\"><\/a><\/h3>\n<p><a name=\"diagnosis\"><\/a><\/p>\n<h3>Diagnosis and presentation of case<\/h3>\n<p>Here is a <strong>Class II division 1<\/strong> case presenting a <strong>backward shift of the lower dentition<\/strong> (red arrows). There is a <strong>lack of space<\/strong> in the maxillary arch. The lateral incisors are recessed compared to the central incisors and the <strong>upper right canine is prominent<\/strong>.<\/p>\n<div id=\"attachment_2951\" style=\"width: 786px\" class=\"wp-caption aligncenter\"><a href=\"https:\/\/sylvainchamberland.com\/wp-content\/uploads\/2023\/04\/Classe-II-division-1-GuMa-Orthodontiste-Chamberland-Quebec.jpg\"><img loading=\"lazy\" decoding=\"async\" aria-describedby=\"caption-attachment-2951\" class=\"size-full wp-image-2951 \" title=\"Class-II-division-1-GuMa-orthodontist-Chamberland-Quebec\" src=\"https:\/\/sylvainchamberland.com\/wp-content\/uploads\/2023\/04\/Classe-II-division-1-GuMa-Orthodontiste-Chamberland-Quebec.jpg\" alt=\"\" width=\"776\" height=\"146\" \/><\/a><p id=\"caption-attachment-2951\" class=\"wp-caption-text\">Class II division 1<\/p><\/div>\n<div id=\"attachment_3136\" style=\"width: 312px\" class=\"wp-caption alignright\"><a href=\"https:\/\/sylvainchamberland.com\/wp-content\/uploads\/2023\/04\/GuMa-ceph-initialorthodontiste-chamberland-quebec.jpg\"><img loading=\"lazy\" decoding=\"async\" aria-describedby=\"caption-attachment-3136\" class=\"size-full wp-image-3136\" title=\"GuMa-initial-ceph-orthodontist-Chamberland-Quebec\" src=\"https:\/\/sylvainchamberland.com\/wp-content\/uploads\/2023\/04\/GuMa-ceph-initialorthodontiste-chamberland-quebec.jpg\" alt=\"\" width=\"302\" height=\"327\" \/><\/a><p id=\"caption-attachment-3136\" class=\"wp-caption-text\">Cephalometric X-ray, Class II division 1<\/p><\/div>\n<p>The cephalometric X-ray on the opposite side clearly shows the <strong>backward shift<\/strong> (red arrow) <strong>of the lower jaw<\/strong>. The <strong>lower lip is everted<\/strong> forward because of <strong>prominent upper incisors<\/strong>.<\/p>\n<div id=\"attachment_3133\" style=\"width: 228px\" class=\"wp-caption alignleft\"><a href=\"https:\/\/sylvainchamberland.com\/wp-content\/uploads\/2023\/04\/GuMa-occh-310707-orthodontiste-chamberland-Quebec.jpg\"><img loading=\"lazy\" decoding=\"async\" aria-describedby=\"caption-attachment-3133\" class=\"size-full wp-image-3133\" title=\"GuMa-occh-310707-orthodontist-Chamberland-Quebec\" src=\"https:\/\/sylvainchamberland.com\/wp-content\/uploads\/2023\/04\/GuMa-occh-310707-orthodontiste-chamberland-Quebec.jpg\" alt=\"\" width=\"218\" height=\"197\" \/><\/a><p id=\"caption-attachment-3133\" class=\"wp-caption-text\">Narrow dental arch<\/p><\/div>\n<p><strong>The maxillary arch is narrow<\/strong> (green line) and it is coordinated with the mandibular arch which is shifted backward. The treatment has the goal of <strong>correcting this front-back shift between the upper and lower dentitions<\/strong>. To do that, the <strong>palate must be enlarged<\/strong> to allow the upper dentition to stay coordinated with the lower dentition in its new position.<\/p>\n<p>The external surface of the upper molars (red line) is parallel to the tangent of the arch (blue line). Normally, the molar is at an angle (15\u00b0) with the tangent of the arch.<br \/>\n<a href=\"#top\">Back to top.<\/a><\/p>\n<h3><a name=\"mechanotherapy\"><\/a><\/h3>\n<h3>Mechanotherapy<\/h3>\n<h4>Progression at 44 weeks<\/h4>\n<div id=\"attachment_3141\" style=\"width: 769px\" class=\"wp-caption aligncenter\"><a href=\"https:\/\/sylvainchamberland.com\/wp-content\/uploads\/2023\/04\/GuMa-bielle-Forsus-classe-II-div-1-orthodontiste-chamberland-Quebec.jpg\"><img loading=\"lazy\" decoding=\"async\" aria-describedby=\"caption-attachment-3141\" class=\"size-full wp-image-3141 \" title=\"GuMa-Forsus-corrector-class-II-division-1-orthodontist-Chamberland-Quebec\" src=\"https:\/\/sylvainchamberland.com\/wp-content\/uploads\/2023\/04\/GuMa-bielle-Forsus-classe-II-div-1-orthodontiste-chamberland-Quebec.jpg\" alt=\"\" width=\"759\" height=\"145\" \/><\/a><p id=\"caption-attachment-3141\" class=\"wp-caption-text\">Forsus\u2122 Class II correctors: fixed appliances to correct Class II cases (44 weeks of treatment; the correctors have been in place for 12 weeks)<\/p><\/div>\n<p><strong>Forsus\u2122<\/strong> Class II correctors were used to <strong>move and maintain the lower jaw forward<\/strong> and reduce the distance between the upper and lower teeth. These correctors are composed of a <strong>metal rod<\/strong> (male part) <strong>attached to the lower right archwire<\/strong> by a hook engaged in a loop in the orthodontic archwire. The upper portion of the corrector is composed of a <strong>spring<\/strong> (female part) <strong>in which the metal rod is inserted<\/strong>.<\/p>\n<p>This <strong>resilient, mobile and flexible mechanism<\/strong> allows the opening and closing of the mouth, as well as lateral movements (left and right). The patient gets used to these appliances quickly and can eat and talk normally. It is possible, for the patient, to push back the lower jaw, but the spring will encourage the anterior repositioning of the jaw.<\/p>\n<h4>Progression at 57 weeks<\/h4>\n<div id=\"attachment_3153\" style=\"width: 779px\" class=\"wp-caption aligncenter\"><img loading=\"lazy\" decoding=\"async\" aria-describedby=\"caption-attachment-3153\" class=\"size-full wp-image-3153\" title=\"GuMa-240908-end-of-correctors-orthodontist-Chamberland-Quebec\" src=\"https:\/\/sylvainchamberland.com\/wp-content\/uploads\/2023\/04\/GuMa240908fin-des-bielles-orthodontiste-chamberland-quebec1.jpg\" alt=\"\" width=\"769\" height=\"147\" \/><p id=\"caption-attachment-3153\" class=\"wp-caption-text\">Progression after 57 weeks of treatment, including 24 weeks with Forsus\u2122 Class II correctors<\/p><\/div>\n<p>The correctors were removed after <strong>24 weeks of use<\/strong>. The <strong>canines<\/strong> have a <strong>Class I<\/strong> relationship (red arrows) and the molars are overcorrected toward a Class III relationship (blue arrows), meaning that the upper first molars are more recessed compared to the lower first molars. This situation is normal and ensures room to maneuver when the dentition will lead to a rebound to its initial position. The expander was also removed and brackets were bonded to the molars to replace the bands.<\/p>\n<h4>Progression at 96 weeks<\/h4>\n<div id=\"attachment_3156\" style=\"width: 779px\" class=\"wp-caption aligncenter\"><img loading=\"lazy\" decoding=\"async\" aria-describedby=\"caption-attachment-3156\" class=\"size-full wp-image-3156\" title=\"GuMa-finishing-orthodontist-Chamberland-Quebec\" src=\"https:\/\/sylvainchamberland.com\/wp-content\/uploads\/2023\/04\/GuMa-finition-orthodontiste-chamberland-Quebec.jpg\" alt=\"Progression at 96 weeks. Finishing bends\" width=\"769\" height=\"147\" \/><p id=\"caption-attachment-3156\" class=\"wp-caption-text\">Progression at 96 weeks. Finishing bends<\/p><\/div>\n<p>At 96 weeks, <strong>straight, full-size archwires<\/strong> ensure the <strong>finishing of dental movements<\/strong> in the <strong>3 planes of space<\/strong>. Full size means that the orthodontic archwire is large enough to <strong>fill the bracket slot<\/strong>. Know that this slot has a nominal dimension of 0.022 x 0.028 thousandth of an inch. The wire, at this stage of finishing, has a dimension of 0.020 x 0.025. The ligature mechanism being ensured by a <strong>nickel-titanium alloy clip<\/strong> maintains the wire in the bracket slot and the tooth has no other choice but to position itself in the planes of space with regard to this attachment mechanism. <strong>Finishing bends<\/strong> (green arrows) are sometimes necessary to correct some isolated flaws.<\/p>\n<p><a href=\"#top\">Back to top.<\/a><\/p>\n<p><a name=\"removal_appliances\"><\/a><\/p>\n<h3>Removal of fixed appliances<\/h3>\n<div id=\"attachment_3161\" style=\"width: 780px\" class=\"wp-caption aligncenter\"><img loading=\"lazy\" decoding=\"async\" aria-describedby=\"caption-attachment-3161\" class=\"size-full wp-image-3161\" title=\"GuMa-final-orthodontist-Chamberland-Quebec\" src=\"https:\/\/sylvainchamberland.com\/wp-content\/uploads\/2023\/04\/GuMa-final-orthodontiste-Chamberland-QUebec.jpg\" alt=\"\" width=\"770\" height=\"150\" \/><p id=\"caption-attachment-3161\" class=\"wp-caption-text\">Final occlusion obtained when the fixed appliances were removed<\/p><\/div>\n<p>The fixed appliances are removed after 110 weeks of treatment. The <strong>canines<\/strong> (red arrows) and the <strong>molars<\/strong> (blue arrows) have a normal <strong>Class I<\/strong> relationship. The upper dentition <strong>midline fits<\/strong> with the lower dentition midline. The upper incisors are over the lower incisors by 2 mm, that is the normal distance.<\/p>\n<p>The final cephalometric X-ray shows <img loading=\"lazy\" decoding=\"async\" class=\"alignright size-full wp-image-3163\" title=\"GiMa-final-lateral-X-ray-with-web-drawing-orthodontist-Chamberland-Quebec\" src=\"https:\/\/sylvainchamberland.com\/wp-content\/uploads\/2023\/04\/GiMa-final-Radio-LatC3A9rale-avec-TracC3A9-web-orthodontiste-chamberland-quebec.jpg\" alt=\"\" width=\"302\" height=\"366\" \/>the <strong>correction of the shift<\/strong> between the upper and lower jaws. The <strong>lower lip straightened up<\/strong>, because it is no longer trapped by the upper incisors.<\/p>\n<div id=\"attachment_3178\" style=\"width: 228px\" class=\"wp-caption alignleft\"><img loading=\"lazy\" decoding=\"async\" aria-describedby=\"caption-attachment-3178\" class=\"size-full wp-image-3178\" title=\"GuMa-occh-final-290909-orthodontist-Chamberland-Quebec\" src=\"https:\/\/sylvainchamberland.com\/wp-content\/uploads\/2023\/04\/GuMa-occh-final-29-09-09-orthodontiste-Chamberland-Quebec.jpg\" alt=\"\" width=\"218\" height=\"178\" \/><p id=\"caption-attachment-3178\" class=\"wp-caption-text\">Upper occlusal view when the fixed appliances were removed<\/p><\/div>\n<p>The upper occlusal view shows a large vault compared to the above pretreatment view. The external surface of the upper first molars (red line) is at an angle with the tangent of the arch form.<\/p>\n<p><a href=\"#top\">Back to top.<\/a><br \/>\n<a name=\"long_term_stability\"><\/a><\/p>\n<h3>Long-term stability<\/h3>\n<div id=\"attachment_3165\" style=\"width: 780px\" class=\"wp-caption aligncenter\"><img loading=\"lazy\" decoding=\"async\" aria-describedby=\"caption-attachment-3165\" class=\"size-full wp-image-3165 \" title=\"GuMa-2-years-(or-100-weeks)-in-retention-orthodontist-Chamberland-Quebec\" src=\"https:\/\/sylvainchamberland.com\/wp-content\/uploads\/2023\/04\/GuMa-2-ans-ou-100-semaines-en-rC3A9tention-orthodontiste-chamberland-Quebec.jpg\" alt=\"\" width=\"770\" height=\"148\" \/><p id=\"caption-attachment-3165\" class=\"wp-caption-text\">Long-term stability, 100 weeks after the fixed appliances were removed<\/p><\/div>\n<p>A hundred (100) weeks after the fixed appliances were removed, the molar and canine relationships are <strong>stable<\/strong>. Even the <strong>intercuspation improved<\/strong>.<\/p>\n<p><a href=\"#top\">Back to top.<\/a><\/p>\n<p><a name=\"evolution_profile\"><\/a><\/p>\n<h3>Evolution of the profile<\/h3>\n<div id=\"attachment_3169\" style=\"width: 611px\" class=\"wp-caption alignright\"><img loading=\"lazy\" decoding=\"async\" aria-describedby=\"caption-attachment-3169\" class=\"size-full wp-image-3169\" title=\"GuMa-initial-final,-2years-posttx-profile-orthodontist-Chamberland-Quebec\" src=\"https:\/\/sylvainchamberland.com\/wp-content\/uploads\/2023\/04\/GuMa-profil-initial-final-2ans-posttx-orthodontiste-Chamberland-Quebec.jpg\" alt=\"\" width=\"601\" height=\"289\" \/><p id=\"caption-attachment-3169\" class=\"wp-caption-text\">Initial and final profiles and the profile 2 years after the treatment<\/p><\/div>\n<p>It is interesting to see the change in <strong>this young boy&#8217;s face<\/strong> before the treatment, at the end of the treatment and 2 years after the appliances were removed. Notice how <strong>well the profile developed over a 4-year period including 2 years of treatment<\/strong>. Notice that <strong>the lower lip cannot get in contact with the upper lip on the initial picture<\/strong>. The incisors are visible when the lips are at rest. At the <strong>end of the treatment<\/strong>, the <strong>lips<\/strong> are <strong>in contact<\/strong> without perioral muscle contraction. This young man\u2019s mature face, 2 years after the treatment, shows that the <strong>orthopaedic correction is maintained<\/strong> and that his <strong>lips are closed in the rest position<\/strong>. The incisors are no longer exposed as before the treatment. The face is well proportioned.<\/p>\n","protected":false},"excerpt":{"rendered":"<p>Diagnosis and presentation of case Here is a Class II division 1 case presenting a backward shift of the lower dentition (red arrows). There is a lack of space in the maxillary arch. The lateral incisors are recessed compared to the central incisors and the upper right canine is prominent. The cephalometric X-ray on the [&hellip;]<\/p>\n","protected":false},"author":2,"featured_media":22487,"comment_status":"open","ping_status":"open","sticky":false,"template":"","format":"standard","meta":{"_acf_changed":false,"inline_featured_image":false,"footnotes":""},"categories":[747,413],"tags":[],"class_list":["post-22303","post","type-post","status-publish","format-standard","has-post-thumbnail","hentry","category-class-ii-division-1-treated-cases","category-treated-cases"],"acf":[],"yoast_head":"<!-- This site is optimized with the Yoast SEO plugin v23.9 - https:\/\/yoast.com\/wordpress\/plugins\/seo\/ -->\n<title>Class II division 1 - Dr. Sylvain Chamberland, Orthodontist<\/title>\n<meta name=\"description\" content=\"Here is a Class II division 1 case presenting a backward shift of the lower dentition (red arrows). There is a lack of space in the maxillary arch.\" \/>\n<meta name=\"robots\" content=\"index, follow, max-snippet:-1, max-image-preview:large, max-video-preview:-1\" \/>\n<link rel=\"canonical\" href=\"https:\/\/www.sylvainchamberland.com\/en\/class-ii-division-1-2\/\" \/>\n<meta property=\"og:locale\" content=\"en_US\" \/>\n<meta property=\"og:type\" content=\"article\" \/>\n<meta property=\"og:title\" content=\"Class II division 1 - Dr. Sylvain Chamberland, Orthodontist\" \/>\n<meta property=\"og:description\" content=\"Here is a Class II division 1 case presenting a backward shift of the lower dentition (red arrows). There is a lack of space in the maxillary arch.\" \/>\n<meta property=\"og:url\" content=\"https:\/\/www.sylvainchamberland.com\/en\/class-ii-division-1-2\/\" \/>\n<meta property=\"og:site_name\" content=\"Dr. Sylvain Chamberland, Orthodontist\" \/>\n<meta property=\"article:published_time\" content=\"2016-03-08T00:00:00+00:00\" \/>\n<meta property=\"article:modified_time\" content=\"2023-08-21T13:31:57+00:00\" \/>\n<meta property=\"og:image\" content=\"https:\/\/www.sylvainchamberland.com\/wp-content\/uploads\/2023\/04\/GuMa-occh-final-29-09-09-orthodontiste-Chamberland-Quebec.jpg\" \/>\n\t<meta property=\"og:image:width\" content=\"400\" \/>\n\t<meta property=\"og:image:height\" content=\"326\" \/>\n\t<meta property=\"og:image:type\" content=\"image\/jpeg\" \/>\n<meta name=\"author\" content=\"Dr Sylvain Chamberland, Orthodontiste\" \/>\n<meta name=\"twitter:card\" content=\"summary_large_image\" \/>\n<meta name=\"twitter:label1\" content=\"Written by\" \/>\n\t<meta name=\"twitter:data1\" content=\"Dr Sylvain Chamberland, Orthodontiste\" \/>\n\t<meta name=\"twitter:label2\" content=\"Est. reading time\" \/>\n\t<meta name=\"twitter:data2\" content=\"7 minutes\" \/>\n<script type=\"application\/ld+json\" class=\"yoast-schema-graph\">{\"@context\":\"https:\/\/schema.org\",\"@graph\":[{\"@type\":\"WebPage\",\"@id\":\"https:\/\/www.sylvainchamberland.com\/en\/class-ii-division-1-2\/\",\"url\":\"https:\/\/www.sylvainchamberland.com\/en\/class-ii-division-1-2\/\",\"name\":\"Class II division 1 - Dr. Sylvain Chamberland, Orthodontist\",\"isPartOf\":{\"@id\":\"https:\/\/www.sylvainchamberland.com\/en\/#website\"},\"primaryImageOfPage\":{\"@id\":\"https:\/\/www.sylvainchamberland.com\/en\/class-ii-division-1-2\/#primaryimage\"},\"image\":{\"@id\":\"https:\/\/www.sylvainchamberland.com\/en\/class-ii-division-1-2\/#primaryimage\"},\"thumbnailUrl\":\"https:\/\/www.sylvainchamberland.com\/wp-content\/uploads\/2023\/04\/GuMa-occh-final-29-09-09-orthodontiste-Chamberland-Quebec.jpg\",\"datePublished\":\"2016-03-08T00:00:00+00:00\",\"dateModified\":\"2023-08-21T13:31:57+00:00\",\"author\":{\"@id\":\"https:\/\/www.sylvainchamberland.com\/en\/#\/schema\/person\/0e517e737298210e204323bf5c4269ce\"},\"description\":\"Here is a Class II division 1 case presenting a backward shift of the lower dentition (red arrows). There is a lack of space in the maxillary arch.\",\"breadcrumb\":{\"@id\":\"https:\/\/www.sylvainchamberland.com\/en\/class-ii-division-1-2\/#breadcrumb\"},\"inLanguage\":\"en-US\",\"potentialAction\":[{\"@type\":\"ReadAction\",\"target\":[\"https:\/\/www.sylvainchamberland.com\/en\/class-ii-division-1-2\/\"]}]},{\"@type\":\"ImageObject\",\"inLanguage\":\"en-US\",\"@id\":\"https:\/\/www.sylvainchamberland.com\/en\/class-ii-division-1-2\/#primaryimage\",\"url\":\"https:\/\/www.sylvainchamberland.com\/wp-content\/uploads\/2023\/04\/GuMa-occh-final-29-09-09-orthodontiste-Chamberland-Quebec.jpg\",\"contentUrl\":\"https:\/\/www.sylvainchamberland.com\/wp-content\/uploads\/2023\/04\/GuMa-occh-final-29-09-09-orthodontiste-Chamberland-Quebec.jpg\",\"width\":400,\"height\":326,\"caption\":\"Classe II division 1|Arcade dentaire \u00e9troite. Constriction du palais (barre verte). La face externe des molaires sup\u00e9rieures (barre rouge) est parall\u00e8le avec l'arcade (barre bleu). Normalement, la molaire est \u00e0 angle avec la tangente de l'arcade.|Clich\u00e9 c\u00e9phalom\u00e9trique, classe II division 1|Bielles Forsus: appareils fixes pour correction des classes II|Progession apr\u00e8s 57 semaines de traitement dont 24 semaines avec les bielles Forsus|Progession apr\u00e8s 57 semaines de traitement dont 24 semaines avec les bielles Forsus|Progession \u00e0 96 semaines. Plis de finition|Occlusion finale obtenue lors de la d\u00e9pose des appareils fixes\"},{\"@type\":\"BreadcrumbList\",\"@id\":\"https:\/\/www.sylvainchamberland.com\/en\/class-ii-division-1-2\/#breadcrumb\",\"itemListElement\":[{\"@type\":\"ListItem\",\"position\":1,\"name\":\"Accueil\",\"item\":\"https:\/\/www.sylvainchamberland.com\/en\/\"},{\"@type\":\"ListItem\",\"position\":2,\"name\":\"Class II division 1\"}]},{\"@type\":\"WebSite\",\"@id\":\"https:\/\/www.sylvainchamberland.com\/en\/#website\",\"url\":\"https:\/\/www.sylvainchamberland.com\/en\/\",\"name\":\"Dr. Sylvain Chamberland, Orthodontist\",\"description\":\"\",\"potentialAction\":[{\"@type\":\"SearchAction\",\"target\":{\"@type\":\"EntryPoint\",\"urlTemplate\":\"https:\/\/www.sylvainchamberland.com\/en\/?s={search_term_string}\"},\"query-input\":{\"@type\":\"PropertyValueSpecification\",\"valueRequired\":true,\"valueName\":\"search_term_string\"}}],\"inLanguage\":\"en-US\"},{\"@type\":\"Person\",\"@id\":\"https:\/\/www.sylvainchamberland.com\/en\/#\/schema\/person\/0e517e737298210e204323bf5c4269ce\",\"name\":\"Dr Sylvain Chamberland, Orthodontiste\",\"image\":{\"@type\":\"ImageObject\",\"inLanguage\":\"en-US\",\"@id\":\"https:\/\/www.sylvainchamberland.com\/en\/#\/schema\/person\/image\/\",\"url\":\"https:\/\/secure.gravatar.com\/avatar\/06a4c85afdb980d645424e831757cd84?s=96&d=mm&r=g\",\"contentUrl\":\"https:\/\/secure.gravatar.com\/avatar\/06a4c85afdb980d645424e831757cd84?s=96&d=mm&r=g\",\"caption\":\"Dr Sylvain Chamberland, Orthodontiste\"}}]}<\/script>\n<!-- \/ Yoast SEO plugin. -->","yoast_head_json":{"title":"Class II division 1 - Dr. Sylvain Chamberland, Orthodontist","description":"Here is a Class II division 1 case presenting a backward shift of the lower dentition (red arrows). There is a lack of space in the maxillary arch.","robots":{"index":"index","follow":"follow","max-snippet":"max-snippet:-1","max-image-preview":"max-image-preview:large","max-video-preview":"max-video-preview:-1"},"canonical":"https:\/\/www.sylvainchamberland.com\/en\/class-ii-division-1-2\/","og_locale":"en_US","og_type":"article","og_title":"Class II division 1 - Dr. Sylvain Chamberland, Orthodontist","og_description":"Here is a Class II division 1 case presenting a backward shift of the lower dentition (red arrows). There is a lack of space in the maxillary arch.","og_url":"https:\/\/www.sylvainchamberland.com\/en\/class-ii-division-1-2\/","og_site_name":"Dr. Sylvain Chamberland, Orthodontist","article_published_time":"2016-03-08T00:00:00+00:00","article_modified_time":"2023-08-21T13:31:57+00:00","og_image":[{"width":400,"height":326,"url":"https:\/\/www.sylvainchamberland.com\/wp-content\/uploads\/2023\/04\/GuMa-occh-final-29-09-09-orthodontiste-Chamberland-Quebec.jpg","type":"image\/jpeg"}],"author":"Dr Sylvain Chamberland, Orthodontiste","twitter_card":"summary_large_image","twitter_misc":{"Written by":"Dr Sylvain Chamberland, Orthodontiste","Est. reading time":"7 minutes"},"schema":{"@context":"https:\/\/schema.org","@graph":[{"@type":"WebPage","@id":"https:\/\/www.sylvainchamberland.com\/en\/class-ii-division-1-2\/","url":"https:\/\/www.sylvainchamberland.com\/en\/class-ii-division-1-2\/","name":"Class II division 1 - Dr. Sylvain Chamberland, Orthodontist","isPartOf":{"@id":"https:\/\/www.sylvainchamberland.com\/en\/#website"},"primaryImageOfPage":{"@id":"https:\/\/www.sylvainchamberland.com\/en\/class-ii-division-1-2\/#primaryimage"},"image":{"@id":"https:\/\/www.sylvainchamberland.com\/en\/class-ii-division-1-2\/#primaryimage"},"thumbnailUrl":"https:\/\/www.sylvainchamberland.com\/wp-content\/uploads\/2023\/04\/GuMa-occh-final-29-09-09-orthodontiste-Chamberland-Quebec.jpg","datePublished":"2016-03-08T00:00:00+00:00","dateModified":"2023-08-21T13:31:57+00:00","author":{"@id":"https:\/\/www.sylvainchamberland.com\/en\/#\/schema\/person\/0e517e737298210e204323bf5c4269ce"},"description":"Here is a Class II division 1 case presenting a backward shift of the lower dentition (red arrows). There is a lack of space in the maxillary arch.","breadcrumb":{"@id":"https:\/\/www.sylvainchamberland.com\/en\/class-ii-division-1-2\/#breadcrumb"},"inLanguage":"en-US","potentialAction":[{"@type":"ReadAction","target":["https:\/\/www.sylvainchamberland.com\/en\/class-ii-division-1-2\/"]}]},{"@type":"ImageObject","inLanguage":"en-US","@id":"https:\/\/www.sylvainchamberland.com\/en\/class-ii-division-1-2\/#primaryimage","url":"https:\/\/www.sylvainchamberland.com\/wp-content\/uploads\/2023\/04\/GuMa-occh-final-29-09-09-orthodontiste-Chamberland-Quebec.jpg","contentUrl":"https:\/\/www.sylvainchamberland.com\/wp-content\/uploads\/2023\/04\/GuMa-occh-final-29-09-09-orthodontiste-Chamberland-Quebec.jpg","width":400,"height":326,"caption":"Classe II division 1|Arcade dentaire \u00e9troite. Constriction du palais (barre verte). La face externe des molaires sup\u00e9rieures (barre rouge) est parall\u00e8le avec l'arcade (barre bleu). Normalement, la molaire est \u00e0 angle avec la tangente de l'arcade.|Clich\u00e9 c\u00e9phalom\u00e9trique, classe II division 1|Bielles Forsus: appareils fixes pour correction des classes II|Progession apr\u00e8s 57 semaines de traitement dont 24 semaines avec les bielles Forsus|Progession apr\u00e8s 57 semaines de traitement dont 24 semaines avec les bielles Forsus|Progession \u00e0 96 semaines. Plis de finition|Occlusion finale obtenue lors de la d\u00e9pose des appareils fixes"},{"@type":"BreadcrumbList","@id":"https:\/\/www.sylvainchamberland.com\/en\/class-ii-division-1-2\/#breadcrumb","itemListElement":[{"@type":"ListItem","position":1,"name":"Accueil","item":"https:\/\/www.sylvainchamberland.com\/en\/"},{"@type":"ListItem","position":2,"name":"Class II division 1"}]},{"@type":"WebSite","@id":"https:\/\/www.sylvainchamberland.com\/en\/#website","url":"https:\/\/www.sylvainchamberland.com\/en\/","name":"Dr. Sylvain Chamberland, Orthodontist","description":"","potentialAction":[{"@type":"SearchAction","target":{"@type":"EntryPoint","urlTemplate":"https:\/\/www.sylvainchamberland.com\/en\/?s={search_term_string}"},"query-input":{"@type":"PropertyValueSpecification","valueRequired":true,"valueName":"search_term_string"}}],"inLanguage":"en-US"},{"@type":"Person","@id":"https:\/\/www.sylvainchamberland.com\/en\/#\/schema\/person\/0e517e737298210e204323bf5c4269ce","name":"Dr Sylvain Chamberland, Orthodontiste","image":{"@type":"ImageObject","inLanguage":"en-US","@id":"https:\/\/www.sylvainchamberland.com\/en\/#\/schema\/person\/image\/","url":"https:\/\/secure.gravatar.com\/avatar\/06a4c85afdb980d645424e831757cd84?s=96&d=mm&r=g","contentUrl":"https:\/\/secure.gravatar.com\/avatar\/06a4c85afdb980d645424e831757cd84?s=96&d=mm&r=g","caption":"Dr Sylvain Chamberland, Orthodontiste"}}]}},"_links":{"self":[{"href":"https:\/\/www.sylvainchamberland.com\/en\/wp-json\/wp\/v2\/posts\/22303","targetHints":{"allow":["GET"]}}],"collection":[{"href":"https:\/\/www.sylvainchamberland.com\/en\/wp-json\/wp\/v2\/posts"}],"about":[{"href":"https:\/\/www.sylvainchamberland.com\/en\/wp-json\/wp\/v2\/types\/post"}],"author":[{"embeddable":true,"href":"https:\/\/www.sylvainchamberland.com\/en\/wp-json\/wp\/v2\/users\/2"}],"replies":[{"embeddable":true,"href":"https:\/\/www.sylvainchamberland.com\/en\/wp-json\/wp\/v2\/comments?post=22303"}],"version-history":[{"count":2,"href":"https:\/\/www.sylvainchamberland.com\/en\/wp-json\/wp\/v2\/posts\/22303\/revisions"}],"predecessor-version":[{"id":23828,"href":"https:\/\/www.sylvainchamberland.com\/en\/wp-json\/wp\/v2\/posts\/22303\/revisions\/23828"}],"wp:featuredmedia":[{"embeddable":true,"href":"https:\/\/www.sylvainchamberland.com\/en\/wp-json\/wp\/v2\/media\/22487"}],"wp:attachment":[{"href":"https:\/\/www.sylvainchamberland.com\/en\/wp-json\/wp\/v2\/media?parent=22303"}],"wp:term":[{"taxonomy":"category","embeddable":true,"href":"https:\/\/www.sylvainchamberland.com\/en\/wp-json\/wp\/v2\/categories?post=22303"},{"taxonomy":"post_tag","embeddable":true,"href":"https:\/\/www.sylvainchamberland.com\/en\/wp-json\/wp\/v2\/tags?post=22303"}],"curies":[{"name":"wp","href":"https:\/\/api.w.org\/{rel}","templated":true}]}}