{"id":22320,"date":"2017-06-04T00:00:00","date_gmt":"2017-06-04T00:00:00","guid":{"rendered":"https:\/\/sylvainchamberland.com\/how-does-fixed-functional-appliance-correct-class-ii-malocclusion\/"},"modified":"2023-05-05T11:15:27","modified_gmt":"2023-05-05T11:15:27","slug":"how-does-fixed-functional-appliance-correct-class-ii-malocclusion","status":"publish","type":"post","link":"https:\/\/www.sylvainchamberland.com\/en\/how-does-fixed-functional-appliance-correct-class-ii-malocclusion\/","title":{"rendered":"How does a fixed functional appliance correct a Class II malocclusion?"},"content":{"rendered":"<p>Fixed functional appliances are used to correct Class II malocclusions and have supplanted their predecessors, that are removable functional appliances, such as bionator, Frankell, Twin Block, to name just a few.<\/p>\n<p>Yet, it has been shown that no removable functional appliances could make the mandible grow (lengthen) even if these appliances move the lower jaw anteriorly to correct the Class II discrepancy between both jaws.<\/p>\n<p>It was also shown that removable functional appliances are efficient. They correct most of Class II malocclusions, but it is due to dental (dentoalveolar) movements rather than skeletal changes (mandibular lengthening).<\/p>\n<p>What about how fixed functional appliances work?<\/p>\n<h2>Review of literature<\/h2>\n<p>Let&#8217;s look at the articles one by one.<\/p>\n<h3>Xbow<sup>\u00ae<\/sup><\/h3>\n<p><strong>Flores-Mir et coll.<sup>1<\/sup><\/strong>, in a retrospective cohort study, compared 69 patients treated consecutively with the Xbow<sup>\u00ae<\/sup> (crossbow) appliance with a historical control group of 30 individuals. The Xbow<sup>\u00ae<\/sup> appliance was used during 4.5 months in average and the cephalometric X-ray at time T2 was taken 6.5 months in average after the removal of the Xbow<sup>\u00ae<\/sup> appliance.<\/p>\n<p>Consequently, the measurements taken at time T2 include the relapse of most of the side effects that could have been caused by the Xbow<sup>\u00ae<\/sup> appliance.<\/p>\n<p>Results showed no mandibular changes (no advancement or different growth from the control group). However, a decrease in maxillary protrusion (maxilla that moved backward) and an increase in the vertical dimension were noted.<\/p>\n<p>The dental changes observed were a decrease in the overjet caused by anterior tipping (proclination) of the lower incisors of about 5\u00b0 (4.7 \u00b1 4.1\u00b0). No significant changes were observed in the upper incisors. The upper molars moved backward by about 1 mm (0.9 \u00b1 1.2 mm) and the lower molars moved forward by 1 mm (1.1 \u00b1 1.3 mm).<\/p>\n<h3>Xbow<sup>\u00ae<\/sup> and Forsus\u2122<\/h3>\n<p>The Xbow<sup>\u00ae<\/sup> appliance was then compared to the Forsus\u2122 appliance. <strong>Miller et coll<sup>2<\/sup><\/strong> in a retrospective cohort study, compared 38 patients having received the Xbow<sup>\u00ae<\/sup> appliance (XB group) with 36 patients having received Forsus\u2122 Class II correctors (FO group). T1 is prior to appliance placement (don&#8217;t know how many weeks) , T2 was 6 to 8 weeks after the end of the orthodontic treatment rather than at the removal of the functional appliances.<\/p>\n<p>They found that both appliances produced the same amount of tipping of the lower incisors (no differences between both groups). The longer the treatment had been, the more the incisors tipped. The Xbow appliance and Full brackets averaged 24,18 \u00b1 5,26 months and the Forsus with Full Brackets group averaged 30,17 \u00b1 7,66. The difference between the 2 treatment protocol was significant (p = 0,37).<\/p>\n<p>However, it is not clear if the XBow phase 1 treatment time is include phase 2 treatment time with fixed edgewise appliance but it seems so.\u00a0 In the result section, we see that the treatment time with fixed appliance\u00a0 in the XBow group is 16,68 months. I assume that the difference between 16 months and 24 months can be explained by a phase 1 of 8 months or so of XBow therapy.<em><br \/>\n<\/em><\/p>\n<p>Earlier report <strong>(Tullooch et al<sup>13<\/sup>) <\/strong>compared the treatment time of 2 phase treatment versus one phase treament.\u00a0 They found that the total duration of treatment beyond phase 1, appears that this was shorter for patients who had had early treatment during phase 1. Therfore, it make sense that phase 2 therapy with full fixed brackets that followed phase 1 therapy with Xbow appliance would appears shorter than a full edgewise therapy with Forsus device.<\/p>\n<h3>Xbow<sup>\u00ae<\/sup><\/h3>\n<p>A recent prospective study from <strong>Erbas et Kocadereli<sup>3<\/sup><\/strong> analyzed the changes of the Xbow<sup>\u00ae<\/sup> appliance and their observation time was at the removal of the functional appliance that was used 6 months in average (5.0 to 8.0 months). The radiographic method used was cone beam computed tomography (CBCT). Their result confirms a skeletal effect of maxillary backward movement (decrease in the SNA angle of 0.67 \u00b1 1.35\u00b0) and no significant mandibular changes. The dental movements observed were significant backward tipping of the upper incisors (-3.58 \u00b1 3.56\u00b0) and extrusion (egression) of 1.72 \u00b1 1.87 mm. The lower incisors presented a significant anterior tipping of 10.87 \u00b1 4.91\u00b0. The upper molars did not show any significant backward movement or intrusion. The lower molars presented a significant forward shift of 2.07 \u00b1 1.24 mm and extrusion of 1.52 \u00b1 1.08 mm.<\/p>\n<h3>Forsus\u2122 and Class II elastics<\/h3>\n<p><strong>Dubois et coll<sup>4<\/sup><\/strong> prospectively compared patients treated with Forsus\u2122 Class II correctors with patients wearing Class II intermaxillary elastics. The observation time at T2 is at the removal of the Forsus\u2122 Class II correctors and the observation duration is 6 months.<\/p>\n<p>The results could not show evidence of any maxillary or mandibular skeletal changes. The use of Forsus\u2122 correctors resulted in significant backward tipping of the upper incisors and forward tipping of the lower incisors, as well as a change in inclination of the occlusal plane.<\/p>\n<h3>Efficiency of the Forsus\u2122 Class II correctors<\/h3>\n<p><strong>Franchi L, Alvetro L et coll<sup>5<\/sup><\/strong> compared a retrospective cohort of 32 patients treated consecutively with a historical control group of 27 untreated patients.<\/p>\n<p>The observation times are T0 before the orthodontic treatment and T1 after the orthodontic treatment. The average duration of treatment was 2.4 \u00b1 0.4 years. The average duration of the use of Forsus\u2122 Class II correctors was 5.2 \u00b1 1.3 months.<\/p>\n<p><strong>87.5% of patients<\/strong> saw their Class II malocclusion being <strong>corrected successfully<\/strong>. The significant skeletal effect observed was a restriction of maxillary anterior growth (SNA is in average 1.6 \u00b1 1.4\u00b0 lower than the control value).<\/p>\n<p>The <strong>effect on the mandible<\/strong> is mainly <strong>dentoalveolar<\/strong>:<\/p>\n<p style=\"padding-left: 30px;\">1- Anterior movement of the incisors (6.1 \u00b1 6.3\u00b0)<\/p>\n<p style=\"padding-left: 30px;\">2- Anterior movement of the molars (2.4 \u00b1 1.6 mm)<\/p>\n<p style=\"padding-left: 30px;\">3- Extrusion of the lower molars (3.6 \u00b1 1.5 mm)<\/p>\n<p>A follow-up but retrospective cohort study from the same group of researchers (<strong>Cacciatore et coll<sup>6<\/sup><\/strong>) analyzed 36 patients 2.3 \u00b1 1.1 years in average (T3) after the end of the orthodontic treatment with Forsus\u2122 Class II correctors compared to an historical control group of untreated individuals.<\/p>\n<p>The results show that, during the observation period post treatment, the maxilla returns to a normal growth and position (SNA increases by 1.4\u00b0). The overjet and overbite increase significantly (1.3 mm and 1.5 mm respectively). The upper incisors show a significant intrusion of 1.2 mm.<\/p>\n<p>When the changes between the beginning (time T1) and the end of the follow-up (time T3) are compared, there are no significant skeletal changes in the maxilla or mandible.<\/p>\n<p>The <strong>significant dental changes<\/strong> are:<\/p>\n<p style=\"padding-left: 30px;\">1- Reduction of the overjet (-3.8 mm) and overbite (-1.5 mm)<\/p>\n<p style=\"padding-left: 30px;\">2- Improvement of the molar relationship (3.7 mm)<\/p>\n<p style=\"padding-left: 30px;\">3- Retrusion (backward movement) of the upper incisors (-1.1 mm)<\/p>\n<p style=\"padding-left: 30px;\">4- Intrusion of the lower incisors (-1.2 mm)<\/p>\n<p><strong>2 years after the<\/strong> orthodontic <strong>treatment<\/strong>, the <strong>efficiency rate<\/strong> of the Class II correction is <strong>83.3%<\/strong> compared to an efficiency rate of 87.5% at the end of treatment.<\/p>\n<h3>Forsus\u2122 and temporomandibular joint<\/h3>\n<p><strong>Aras et coll<sup>7<\/sup><\/strong> compared 15 individuals before their pubertal growth peak with 14 individuals after their pubertal growth peak. These 29 patients received Forsus\u2122 Class II correctors for a period of about 9 months. Cephalometric X-rays and magnetic resonance imageries were taken. Significant therapeutic effects are about the same as those previously discussed, namely backward tipping and extrusion of the upper incisors, protrusion, intrusion and anterior tipping of the lower incisors, a distal movement of the upper molars and a mesial movement of the lower molars.<\/p>\n<p>Interesting fact, magnetic resonance imagery proved that there were no changes in the position of the articular disc, which is a good thing.<\/p>\n<h3>Twin Force<sup>\u00ae<\/sup> Bite Corrector\u2122<\/h3>\n<p><strong>Chhibber et coll<sup>8<\/sup><\/strong> retrospectively studied the therapeutic effect of the Twin Force<sup>\u00ae<\/sup> Bite Correctors\u2122. Like <strong>Aras et coll<sup>7<\/sup><\/strong>, they compared 23 individuals treated before their growth peak with 18 individuals treated after their pubertal growth peak.<\/p>\n<p>Like the other fixed functional appliances, the skeletal change put in evidence, when the Twin Force<sup>\u00ae<\/sup> devices were removed, is a maxillary growth restriction (SNA decreases by 1.22\u00b0) and anterior tipping of the lower incisors (dentoalveolar movements) of 4,4 \u00b1 5,5\u00b0.<\/p>\n<p>At the end of the orthodontic treatment, there were no differences in the maxillary or mandibular skeletal parameters, no matter if patients were treated before or after their pubertal growth peak.<\/p>\n<p>The orthodontic treatment was significantly longer in individuals whose treatment started earlier (3.67 years versus 2.75 years).<\/p>\n<p>In conclusion, the efficiency of a fixed functional appliance is better in an individual after his\/her puberty. Starting too early is not better and leads to a longer treatment.<\/p>\n<h3>SUS<sup>2<\/sup> correctors<\/h3>\n<p><strong>Oztoprak et coll<sup>10<\/sup><\/strong> compared, in a prospective study, SUS<sup>2<\/sup> correctors with Forsus\u2122 Class II correctors. A control group of untreated individuals was used as a reference. The duration of use of both appliances was 5 \u00b1 1 months in average.<\/p>\n<p>The dentoalveolar effects observed are:<\/p>\n<p style=\"padding-left: 30px;\">1- Retrusion and extrusion of the upper incisors<\/p>\n<p style=\"padding-left: 30px;\">2- Protrusion and intrusion of the lower incisors<\/p>\n<p>No significant anteroposterior or vertical skeletal changes were observed for both appliances.<\/p>\n<p>However, if dentoalveolar changes in the lower incisors are compared, the use of Forsus\u2122 Class II correctors significantly leads to more anterior tipping of the lower incisors than SUS<sup>2<\/sup> correctors (10.8 \u00b1 3.07\u00b0 versus 5.78 \u00b1 3.91\u00b0).<\/p>\n<h3>Study model<\/h3>\n<table cellspacing=\"0\" cellpadding=\"0\">\n<tbody>\n<tr>\n<td valign=\"middle\"><\/td>\n<td valign=\"middle\">\n<p align=\"center\"><span style=\"color: #000000; font-family: Helvetica Light; font-size: medium;\">Experimental groups<\/span><\/p>\n<\/td>\n<td valign=\"middle\"><\/td>\n<td colspan=\"5\" valign=\"middle\">\n<p align=\"center\"><span style=\"color: #000000; font-family: Helvetica Light; font-size: medium;\">Observation Time Point <\/span><\/p>\n<\/td>\n<\/tr>\n<tr>\n<td valign=\"middle\"><\/td>\n<td valign=\"middle\">\n<p align=\"center\"><span style=\"color: #000000; font-family: Helvetica Light; font-size: medium;\">Sample size (&gt;25)<\/span><\/p>\n<\/td>\n<td valign=\"middle\">\n<p align=\"center\"><span style=\"color: #000000; font-family: Helvetica Light; font-size: medium;\">Untreated Controls<\/span><\/p>\n<\/td>\n<td valign=\"middle\">\n<p align=\"center\"><span style=\"color: #000000; font-family: Helvetica Light; font-size: medium;\">T0 Baseline <\/span><\/p>\n<\/td>\n<td valign=\"middle\">\n<p align=\"center\"><span style=\"color: #000000; font-family: Helvetica Light; font-size: medium;\">T1 Prior Cl II device<\/span><\/p>\n<\/td>\n<td valign=\"middle\">\n<p align=\"center\"><span style=\"color: #000000; font-family: Helvetica Light; font-size: medium;\">T2 Post Cl II device <\/span><\/p>\n<\/td>\n<td valign=\"middle\">\n<p align=\"center\"><span style=\"color: #000000; font-family: Helvetica Light; font-size: medium;\">T3 End of Ortho<\/span><\/p>\n<\/td>\n<td valign=\"middle\">\n<p align=\"center\"><span style=\"color: #000000; font-family: Helvetica Light; font-size: medium;\">T4 Follow-up<\/span><\/p>\n<\/td>\n<\/tr>\n<tr>\n<td valign=\"middle\">\n<p align=\"center\"><span style=\"color: #000000; font-family: Helvetica Light; font-size: medium;\">Flores-Mir AJODO 2009 <\/span><span style=\"color: #000000; font-family: Helvetica; font-size: medium;\"><b>R<\/b><\/span><\/p>\n<\/td>\n<td valign=\"middle\">\n<p align=\"center\"><span style=\"color: #000000; font-family: Zapf Dingbats; font-size: medium;\">\u2714\ufe0e<\/span><span style=\"color: #000000; font-family: Helvetica Light; font-size: medium;\"> 69<\/span><\/p>\n<\/td>\n<td valign=\"middle\">\n<p align=\"center\"><span style=\"color: #000000; font-family: Zapf Dingbats; font-size: medium;\">\u2714\ufe0e<\/span><span style=\"color: #000000; font-family: Helvetica Light; font-size: medium;\"> 30<\/span><\/p>\n<\/td>\n<td valign=\"middle\">\n<p align=\"center\"><span style=\"color: #000000; font-family: Zapf Dingbats; font-size: medium;\">\u2714\ufe0e<\/span><\/p>\n<\/td>\n<td valign=\"middle\"><\/td>\n<td valign=\"middle\">\n<p align=\"center\"><span style=\"color: #000000; font-family: Helvetica Light; font-size: medium;\">6 m. post Xbow<\/span><\/p>\n<\/td>\n<td valign=\"middle\"><\/td>\n<td valign=\"middle\"><\/td>\n<\/tr>\n<tr>\n<td valign=\"middle\">\n<p align=\"center\"><span style=\"color: #000000; font-family: Helvetica Light; font-size: medium;\">Miller AO 2013 <\/span><span style=\"color: #000000; font-family: Helvetica; font-size: medium;\"><b>R<\/b><\/span><\/p>\n<\/td>\n<td valign=\"middle\">\n<p align=\"center\"><span style=\"color: #000000; font-family: Zapf Dingbats; font-size: medium;\">\u2714\ufe0e<\/span><span style=\"color: #000000; font-family: Helvetica Light; font-size: medium;\"> 38\/36<\/span><\/p>\n<\/td>\n<td valign=\"middle\"><\/td>\n<td valign=\"middle\">\n<p align=\"center\"><span style=\"color: #000000; font-family: Zapf Dingbats; font-size: medium;\">\u2714\ufe0e<\/span><\/p>\n<\/td>\n<td valign=\"middle\"><\/td>\n<td valign=\"middle\"><\/td>\n<td valign=\"middle\">\n<p align=\"center\"><span style=\"color: #000000; font-family: Zapf Dingbats; font-size: medium;\">\u2714\ufe0e<\/span><\/p>\n<\/td>\n<td valign=\"middle\"><\/td>\n<\/tr>\n<tr>\n<td valign=\"middle\">\n<p align=\"center\"><span style=\"color: #000000; font-family: Helvetica Light; font-size: medium;\">Erbas AO 2014 <\/span><span style=\"color: #000000; font-family: Helvetica; font-size: medium;\"><b>P<\/b><\/span><\/p>\n<\/td>\n<td valign=\"middle\">\n<p align=\"center\"><span style=\"color: #000000; font-family: Zapf Dingbats; font-size: medium;\">\u2714\ufe0e<\/span><span style=\"color: #000000; font-family: Helvetica Light; font-size: medium;\"> 25<\/span><\/p>\n<\/td>\n<td valign=\"middle\"><\/td>\n<td valign=\"middle\">\n<p align=\"center\"><span style=\"color: #000000; font-family: Zapf Dingbats; font-size: medium;\">\u2714\ufe0e<\/span><\/p>\n<\/td>\n<td valign=\"middle\"><\/td>\n<td valign=\"middle\">\n<p align=\"center\"><span style=\"color: #000000; font-family: Zapf Dingbats; font-size: medium;\">\u2714\ufe0e<\/span><\/p>\n<\/td>\n<td valign=\"middle\"><\/td>\n<td valign=\"middle\"><\/td>\n<\/tr>\n<tr>\n<td valign=\"middle\">\n<p align=\"center\"><span style=\"color: #000000; font-family: Helvetica Light; font-size: medium;\">Dubois et al <\/span><span style=\"color: #000000; font-family: Helvetica; font-size: medium;\"><b>P<\/b><\/span><\/p>\n<\/td>\n<td valign=\"middle\">\n<p align=\"center\"><span style=\"color: #000000; font-family: Zapf Dingbats; font-size: medium;\">\u2714\ufe0e<\/span><span style=\"color: #000000; font-family: Helvetica Light; font-size: medium;\"> 23 \/ 7<\/span><\/p>\n<\/td>\n<td valign=\"middle\"><\/td>\n<td valign=\"middle\"><\/td>\n<td valign=\"middle\">\n<p align=\"center\"><span style=\"color: #000000; font-family: Zapf Dingbats; font-size: medium;\">\u2714\ufe0e<\/span><\/p>\n<\/td>\n<td valign=\"middle\">\n<p align=\"center\"><span style=\"color: #000000; font-family: Zapf Dingbats; font-size: medium;\">\u2714\ufe0e<\/span><\/p>\n<\/td>\n<td valign=\"middle\"><\/td>\n<td valign=\"middle\"><\/td>\n<\/tr>\n<tr>\n<td valign=\"middle\">\n<p align=\"center\"><span style=\"color: #000000; font-family: Helvetica Light; font-size: medium;\">Franchi AO 2011 <\/span><span style=\"color: #000000; font-family: Helvetica; font-size: medium;\"><b>R<\/b><\/span><\/p>\n<\/td>\n<td valign=\"middle\">\n<p align=\"center\"><span style=\"color: #000000; font-family: Zapf Dingbats; font-size: medium;\">\u2714\ufe0e <\/span><span style=\"color: #000000; font-family: Lucida Grande; font-size: medium;\">32<\/span><\/p>\n<\/td>\n<td valign=\"middle\">\n<p align=\"center\"><span style=\"color: #000000; font-family: Zapf Dingbats; font-size: medium;\">\u2714\ufe0e <\/span><span style=\"color: #000000; font-family: Lucida Grande; font-size: medium;\">27<\/span><\/p>\n<\/td>\n<td valign=\"middle\">\n<p align=\"center\"><span style=\"color: #000000; font-family: Zapf Dingbats; font-size: medium;\">\u2714\ufe0e<\/span><\/p>\n<\/td>\n<td valign=\"middle\"><\/td>\n<td valign=\"middle\"><\/td>\n<td valign=\"middle\">\n<p align=\"center\"><span style=\"color: #000000; font-family: Zapf Dingbats; font-size: medium;\">\u2714\ufe0e<\/span><\/p>\n<\/td>\n<td valign=\"middle\"><\/td>\n<\/tr>\n<tr>\n<td valign=\"middle\">\n<p align=\"center\"><span style=\"color: #000000; font-family: Helvetica Light; font-size: medium;\">Cacciatore AO In press <\/span><span style=\"color: #000000; font-family: Helvetica; font-size: medium;\"><b>R<\/b><\/span><\/p>\n<\/td>\n<td valign=\"middle\">\n<p align=\"center\"><span style=\"color: #000000; font-family: Zapf Dingbats; font-size: medium;\">\u2714\ufe0e <\/span><span style=\"color: #000000; font-family: Lucida Grande; font-size: medium;\">36<\/span><\/p>\n<\/td>\n<td valign=\"middle\">\n<p align=\"center\"><span style=\"color: #000000; font-family: Zapf Dingbats; font-size: medium;\">\u2714\ufe0e <\/span><span style=\"color: #000000; font-family: Lucida Grande; font-size: medium;\">20<\/span><\/p>\n<\/td>\n<td valign=\"middle\">\n<p align=\"center\"><span style=\"color: #000000; font-family: Zapf Dingbats; font-size: medium;\">\u2714\ufe0e<\/span><\/p>\n<\/td>\n<td valign=\"middle\"><\/td>\n<td valign=\"middle\"><\/td>\n<td valign=\"middle\">\n<p align=\"center\"><span style=\"color: #000000; font-family: Zapf Dingbats; font-size: medium;\">\u2714\ufe0e<\/span><\/p>\n<\/td>\n<td valign=\"middle\">\n<p align=\"center\"><span style=\"color: #000000; font-family: Zapf Dingbats; font-size: medium;\">\u2714\ufe0e<\/span><\/p>\n<\/td>\n<\/tr>\n<tr>\n<td valign=\"middle\">\n<p align=\"center\"><span style=\"color: #000000; font-family: Helvetica Light; font-size: medium;\">Aras AJODO 2011 <\/span><span style=\"color: #000000; font-family: Helvetica; font-size: medium;\"><b>P<\/b><\/span><\/p>\n<\/td>\n<td valign=\"middle\">\n<p align=\"center\"><span style=\"color: #000000; font-family: Zapf Dingbats; font-size: medium;\"> \u2714\ufe0e <\/span><span style=\"color: #000000; font-family: Lucida Grande; font-size: medium;\">15<\/span> <span style=\"color: #000000; font-family: Lucida Grande; font-size: medium;\">\/<\/span> <span style=\"color: #000000; font-family: Lucida Grande; font-size: medium;\">14<\/span><\/p>\n<\/td>\n<td valign=\"middle\"><\/td>\n<td valign=\"middle\"><\/td>\n<td valign=\"middle\">\n<p align=\"center\"><span style=\"color: #000000; font-family: Zapf Dingbats; font-size: medium;\">\u2714\ufe0e<\/span><\/p>\n<\/td>\n<td valign=\"middle\">\n<p align=\"center\"><span style=\"color: #000000; font-family: Zapf Dingbats; font-size: medium;\">\u2714\ufe0e<\/span><\/p>\n<\/td>\n<td valign=\"middle\"><\/td>\n<td valign=\"middle\"><\/td>\n<\/tr>\n<tr>\n<td valign=\"middle\">\n<p align=\"center\"><span style=\"color: #000000; font-family: Helvetica Light; font-size: medium;\">Chhibber AO 2013 <\/span><span style=\"color: #000000; font-family: Helvetica; font-size: medium;\"><b>R<\/b><\/span><\/p>\n<\/td>\n<td valign=\"middle\">\n<p align=\"center\"><span style=\"color: #000000; font-family: Zapf Dingbats; font-size: medium;\"> \u2714\ufe0e <\/span><span style=\"color: #000000; font-family: Lucida Grande; font-size: medium;\">23<\/span> <span style=\"color: #000000; font-family: Lucida Grande; font-size: medium;\">\/<\/span> <span style=\"color: #000000; font-family: Lucida Grande; font-size: medium;\">18<\/span><\/p>\n<\/td>\n<td valign=\"middle\"><\/td>\n<td valign=\"middle\">\n<p align=\"center\"><span style=\"color: #000000; font-family: Zapf Dingbats; font-size: medium;\">\u2714\ufe0e<\/span><\/p>\n<\/td>\n<td valign=\"middle\"><\/td>\n<td valign=\"middle\"><\/td>\n<td valign=\"middle\">\n<p align=\"center\"><span style=\"color: #000000; font-family: Zapf Dingbats; font-size: medium;\">\u2714\ufe0e<\/span><\/p>\n<\/td>\n<td valign=\"middle\"><\/td>\n<\/tr>\n<tr>\n<td valign=\"middle\">\n<p align=\"center\"><span style=\"color: #000000; font-family: Helvetica Light; font-size: medium;\">Oztoprak EJD 2012 <\/span><span style=\"color: #000000; font-family: Helvetica; font-size: medium;\"><b>R<\/b><\/span><\/p>\n<\/td>\n<td valign=\"middle\">\n<p align=\"center\"><span style=\"color: #000000; font-family: Zapf Dingbats; font-size: medium;\"> \u2714\ufe0e <\/span><span style=\"color: #000000; font-family: Lucida Grande; font-size: medium;\">20<\/span> <span style=\"color: #000000; font-family: Lucida Grande; font-size: medium;\">\/<\/span> <span style=\"color: #000000; font-family: Lucida Grande; font-size: medium;\">20<\/span><\/p>\n<\/td>\n<td valign=\"middle\">\n<p align=\"center\"><span style=\"color: #000000; font-family: Zapf Dingbats; font-size: medium;\"> \u2714\ufe0e <\/span><span style=\"color: #000000; font-family: Lucida Grande; font-size: medium;\">19<\/span><\/p>\n<\/td>\n<td valign=\"middle\"><\/td>\n<td valign=\"middle\">\n<p align=\"center\"><span style=\"color: #000000; font-family: Zapf Dingbats; font-size: medium;\">\u2714\ufe0e<\/span><\/p>\n<\/td>\n<td valign=\"middle\">\n<p align=\"center\"><span style=\"color: #000000; font-family: Zapf Dingbats; font-size: medium;\">\u2714\ufe0e<\/span><\/p>\n<\/td>\n<td valign=\"middle\"><\/td>\n<td valign=\"middle\"><\/td>\n<\/tr>\n<\/tbody>\n<\/table>\n<p>This table compares the study model of the studies previously discussed. The retrospective cohort studies are identified by the letter R and the prospective ones are identified by the letter P in the first column. Only 4 studies had an untreated control group. Only 3 studies have an observation time before the functional correctors were installed and when the correctors were removed. Only one study presents a follow-up 2 years post treatment.<\/p>\n<p>Thus, there is room for more studies and the best study model will be the one with the most check marks on its row and which will be a prospective study of consecutively treated cases. Making such a study takes a minimum of 4 to 6 years and hundreds of hours of work.<\/p>\n<h3>Conclusion<\/h3>\n<p>Fixed functional appliances efficiently correct Class II malocclusions. They all function similarly. The correction is mainly done through dentoalveolar changes. No appliances make significant long-term skeletal maxillary and mandibular changes.<\/p>\n<h2>Bibliography<\/h2>\n<blockquote><p>1- Flores-Mir C, Barnett G, Higgins DW, Heo G, and Major PW. Short-term skeletal and dental effects of the Xbow appliance as measured on lateral cephalograms. AJODO; 2009;136(6):822-832.<\/p>\n<p>2- Miller, Robert A, Long Tieu, and Carlos Flores-Mir. &#8220;Incisor Inclination Changes Produced by Two Compliance-free Class II Correction Protocols for the Treatment of Mild to Moderate Class II Malocclusions.&#8221; Angle orthodontist 83, no. 3 (2013): doi:10.2319\/062712-528.1.<\/p>\n<p>3- Erbas, Banu, and Ilken Kocadereli. &#8220;Upper Airway Changes After Xbow Appliance Therapy Evaluated with Cone Beam Computed Tomography.&#8221; Angle Orthod 2014; 84, no. 4: doi:10.2319\/072213-533.1<\/p>\n<p>4- Dubois A, Rompr\u00e9 P, Rodrigue C, Remise C, Comparaison des effets sur la croissance des maxillaires de l\u2019utilisation du Forsus versus celle des \u00e9lastiques de classe II, Th\u00e8se de ma\u00eetrise<\/p>\n<p>5- Franchi L, Lisa Alvetro, Veronica Giuntini, Caterina Masucci, Efisio Defraia, and Tiziano Baccetti. &#8220;Effectiveness of Comprehensive Fixed Appliance Treatment Used with the Forsus Fatigue Resistant Device in Class II Patients.&#8221; Angle orthodontist\u00a0 2011; 81, no. 4: doi:10.2319\/102710-629.1<\/p>\n<p>6- Cacciatore, Giorgio, Luis Tomas Huanca Ghislanzoni, Lisa Alvetro, Veronica Giuntini, and Lorenzo Franchi. &#8220;Treatment and Posttreatment Effects Induced by the Forsus Appliance A Controlled Clinical Study.&#8221; Angle orthodontist (2014):doi:10.2319\/112613-867.1<\/p>\n<p>7- Aras, Ada, Saracoglu, Gezer, and Aras. &#8220;Comparison of Treatments with the Forsus Fatigue Resistant Device in Relation to skeletal maturity: A cephalometric and magnetic resonance imaging study. AJODO 2011; 140: 616-25: doi:10.1016\/j.ajodo.2010.12.018.<\/p>\n<p>8- Chhibber, Aditya, Madhur Upadhyay, Flavio Uribe, and Ravindra Nanda. &#8220;Mechanism of Class II Correction in Prepubertal and Postpubertal Patients with Twin Force Bite Corrector.&#8221; Angle Orthod. 2013; 83, n718-727: doi:10.2319\/090412-709.1<\/p>\n<p>9- Bassarelli T., Does an Anterior Bite Plane Change the Treatment Result Obtained with a Jasper Jumper in Class II Division 1 Growing Patients, Angle East 2013 scientific meeting, New York<\/p>\n<p>10- Oztoprak MO, Nalbantgil D, Uyanlar A, and Arun T. A cephalometric comparative study of class II correction with Sabbagh Universal Spring. European journal of dentistry. 2012 Turkey;6(3):302-10<\/p>\n<p>11- Giuseppe Perinetti, Jasmina Primo\u017ei\u010d, Giovanna Furlani, Lorenzo Franchi, and Luca Contardo (2014) Treatment effects of fixed functional appliances alone or in combination with multibracket appliances: A systematic review and meta-analysis. The Angle Orthodontist In-Press.<\/p>\n<p>12-Tulloch, J F, C Phillips, and W R Proffit. &#8220;Benefit of Early Class II Treatment: Progress Report of a Two-phase Randomized Clinical Trial.&#8221; AJODO\u00a0 1998;113: 62-72.<\/p><\/blockquote>\n","protected":false},"excerpt":{"rendered":"<p>Fixed functional appliances are used to correct Class II malocclusions and have supplanted their predecessors, that are removable functional appliances, such as bionator, Frankell, Twin Block, to name just a few. Yet, it has been shown that no removable functional appliances could make the mandible grow (lengthen) even if these appliances move the lower jaw [&hellip;]<\/p>\n","protected":false},"author":2,"featured_media":0,"comment_status":"open","ping_status":"open","sticky":false,"template":"","format":"standard","meta":{"_acf_changed":false,"inline_featured_image":false,"footnotes":""},"categories":[422,1],"tags":[],"class_list":["post-22320","post","type-post","status-publish","format-standard","hentry","category-appliances","category-non-classifiee"],"acf":[],"yoast_head":"<!-- This site is optimized with the Yoast SEO plugin v23.9 - https:\/\/yoast.com\/wordpress\/plugins\/seo\/ -->\n<title>How does a fixed functional appliance correct a Class II malocclusion? - Dr. Sylvain Chamberland, Orthodontist<\/title>\n<meta name=\"description\" content=\"Fixed functional appliances are used to correct Class II malocclusions and have supplanted their predecessors, that are removable functional appliances. What about how fixed functional appliances work?\" \/>\n<meta name=\"robots\" content=\"index, follow, max-snippet:-1, max-image-preview:large, max-video-preview:-1\" \/>\n<link rel=\"canonical\" href=\"https:\/\/www.sylvainchamberland.com\/en\/how-does-fixed-functional-appliance-correct-class-ii-malocclusion\/\" \/>\n<meta property=\"og:locale\" content=\"en_US\" \/>\n<meta property=\"og:type\" content=\"article\" \/>\n<meta property=\"og:title\" content=\"How does a fixed functional appliance correct a Class II malocclusion? - Dr. Sylvain Chamberland, Orthodontist\" \/>\n<meta property=\"og:description\" content=\"Fixed functional appliances are used to correct Class II malocclusions and have supplanted their predecessors, that are removable functional appliances. What about how fixed functional appliances work?\" \/>\n<meta property=\"og:url\" content=\"https:\/\/www.sylvainchamberland.com\/en\/how-does-fixed-functional-appliance-correct-class-ii-malocclusion\/\" \/>\n<meta property=\"og:site_name\" content=\"Dr. Sylvain Chamberland, Orthodontist\" \/>\n<meta property=\"article:published_time\" content=\"2017-06-04T00:00:00+00:00\" \/>\n<meta property=\"article:modified_time\" content=\"2023-05-05T11:15:27+00:00\" \/>\n<meta name=\"author\" content=\"Dr Sylvain Chamberland, Orthodontiste\" \/>\n<meta name=\"twitter:card\" content=\"summary_large_image\" \/>\n<meta name=\"twitter:label1\" content=\"Written by\" \/>\n\t<meta name=\"twitter:data1\" content=\"Dr Sylvain Chamberland, Orthodontiste\" \/>\n\t<meta name=\"twitter:label2\" content=\"Est. reading time\" \/>\n\t<meta name=\"twitter:data2\" content=\"10 minutes\" \/>\n<script type=\"application\/ld+json\" class=\"yoast-schema-graph\">{\"@context\":\"https:\/\/schema.org\",\"@graph\":[{\"@type\":\"WebPage\",\"@id\":\"https:\/\/www.sylvainchamberland.com\/en\/how-does-fixed-functional-appliance-correct-class-ii-malocclusion\/\",\"url\":\"https:\/\/www.sylvainchamberland.com\/en\/how-does-fixed-functional-appliance-correct-class-ii-malocclusion\/\",\"name\":\"How does a fixed functional appliance correct a Class II malocclusion? - Dr. Sylvain Chamberland, Orthodontist\",\"isPartOf\":{\"@id\":\"https:\/\/www.sylvainchamberland.com\/en\/#website\"},\"datePublished\":\"2017-06-04T00:00:00+00:00\",\"dateModified\":\"2023-05-05T11:15:27+00:00\",\"author\":{\"@id\":\"https:\/\/www.sylvainchamberland.com\/en\/#\/schema\/person\/0e517e737298210e204323bf5c4269ce\"},\"description\":\"Fixed functional appliances are used to correct Class II malocclusions and have supplanted their predecessors, that are removable functional appliances. What about how fixed functional appliances work?\",\"breadcrumb\":{\"@id\":\"https:\/\/www.sylvainchamberland.com\/en\/how-does-fixed-functional-appliance-correct-class-ii-malocclusion\/#breadcrumb\"},\"inLanguage\":\"en-US\",\"potentialAction\":[{\"@type\":\"ReadAction\",\"target\":[\"https:\/\/www.sylvainchamberland.com\/en\/how-does-fixed-functional-appliance-correct-class-ii-malocclusion\/\"]}]},{\"@type\":\"BreadcrumbList\",\"@id\":\"https:\/\/www.sylvainchamberland.com\/en\/how-does-fixed-functional-appliance-correct-class-ii-malocclusion\/#breadcrumb\",\"itemListElement\":[{\"@type\":\"ListItem\",\"position\":1,\"name\":\"Accueil\",\"item\":\"https:\/\/www.sylvainchamberland.com\/en\/\"},{\"@type\":\"ListItem\",\"position\":2,\"name\":\"How does a fixed functional appliance correct a Class II malocclusion?\"}]},{\"@type\":\"WebSite\",\"@id\":\"https:\/\/www.sylvainchamberland.com\/en\/#website\",\"url\":\"https:\/\/www.sylvainchamberland.com\/en\/\",\"name\":\"Dr. Sylvain Chamberland, Orthodontist\",\"description\":\"\",\"potentialAction\":[{\"@type\":\"SearchAction\",\"target\":{\"@type\":\"EntryPoint\",\"urlTemplate\":\"https:\/\/www.sylvainchamberland.com\/en\/?s={search_term_string}\"},\"query-input\":{\"@type\":\"PropertyValueSpecification\",\"valueRequired\":true,\"valueName\":\"search_term_string\"}}],\"inLanguage\":\"en-US\"},{\"@type\":\"Person\",\"@id\":\"https:\/\/www.sylvainchamberland.com\/en\/#\/schema\/person\/0e517e737298210e204323bf5c4269ce\",\"name\":\"Dr Sylvain Chamberland, Orthodontiste\",\"image\":{\"@type\":\"ImageObject\",\"inLanguage\":\"en-US\",\"@id\":\"https:\/\/www.sylvainchamberland.com\/en\/#\/schema\/person\/image\/\",\"url\":\"https:\/\/secure.gravatar.com\/avatar\/06a4c85afdb980d645424e831757cd84?s=96&d=mm&r=g\",\"contentUrl\":\"https:\/\/secure.gravatar.com\/avatar\/06a4c85afdb980d645424e831757cd84?s=96&d=mm&r=g\",\"caption\":\"Dr Sylvain Chamberland, Orthodontiste\"}}]}<\/script>\n<!-- \/ Yoast SEO plugin. -->","yoast_head_json":{"title":"How does a fixed functional appliance correct a Class II malocclusion? - Dr. Sylvain Chamberland, Orthodontist","description":"Fixed functional appliances are used to correct Class II malocclusions and have supplanted their predecessors, that are removable functional appliances. What about how fixed functional appliances work?","robots":{"index":"index","follow":"follow","max-snippet":"max-snippet:-1","max-image-preview":"max-image-preview:large","max-video-preview":"max-video-preview:-1"},"canonical":"https:\/\/www.sylvainchamberland.com\/en\/how-does-fixed-functional-appliance-correct-class-ii-malocclusion\/","og_locale":"en_US","og_type":"article","og_title":"How does a fixed functional appliance correct a Class II malocclusion? - Dr. Sylvain Chamberland, Orthodontist","og_description":"Fixed functional appliances are used to correct Class II malocclusions and have supplanted their predecessors, that are removable functional appliances. What about how fixed functional appliances work?","og_url":"https:\/\/www.sylvainchamberland.com\/en\/how-does-fixed-functional-appliance-correct-class-ii-malocclusion\/","og_site_name":"Dr. Sylvain Chamberland, Orthodontist","article_published_time":"2017-06-04T00:00:00+00:00","article_modified_time":"2023-05-05T11:15:27+00:00","author":"Dr Sylvain Chamberland, Orthodontiste","twitter_card":"summary_large_image","twitter_misc":{"Written by":"Dr Sylvain Chamberland, Orthodontiste","Est. reading time":"10 minutes"},"schema":{"@context":"https:\/\/schema.org","@graph":[{"@type":"WebPage","@id":"https:\/\/www.sylvainchamberland.com\/en\/how-does-fixed-functional-appliance-correct-class-ii-malocclusion\/","url":"https:\/\/www.sylvainchamberland.com\/en\/how-does-fixed-functional-appliance-correct-class-ii-malocclusion\/","name":"How does a fixed functional appliance correct a Class II malocclusion? - Dr. Sylvain Chamberland, Orthodontist","isPartOf":{"@id":"https:\/\/www.sylvainchamberland.com\/en\/#website"},"datePublished":"2017-06-04T00:00:00+00:00","dateModified":"2023-05-05T11:15:27+00:00","author":{"@id":"https:\/\/www.sylvainchamberland.com\/en\/#\/schema\/person\/0e517e737298210e204323bf5c4269ce"},"description":"Fixed functional appliances are used to correct Class II malocclusions and have supplanted their predecessors, that are removable functional appliances. What about how fixed functional appliances work?","breadcrumb":{"@id":"https:\/\/www.sylvainchamberland.com\/en\/how-does-fixed-functional-appliance-correct-class-ii-malocclusion\/#breadcrumb"},"inLanguage":"en-US","potentialAction":[{"@type":"ReadAction","target":["https:\/\/www.sylvainchamberland.com\/en\/how-does-fixed-functional-appliance-correct-class-ii-malocclusion\/"]}]},{"@type":"BreadcrumbList","@id":"https:\/\/www.sylvainchamberland.com\/en\/how-does-fixed-functional-appliance-correct-class-ii-malocclusion\/#breadcrumb","itemListElement":[{"@type":"ListItem","position":1,"name":"Accueil","item":"https:\/\/www.sylvainchamberland.com\/en\/"},{"@type":"ListItem","position":2,"name":"How does a fixed functional appliance correct a Class II malocclusion?"}]},{"@type":"WebSite","@id":"https:\/\/www.sylvainchamberland.com\/en\/#website","url":"https:\/\/www.sylvainchamberland.com\/en\/","name":"Dr. Sylvain Chamberland, Orthodontist","description":"","potentialAction":[{"@type":"SearchAction","target":{"@type":"EntryPoint","urlTemplate":"https:\/\/www.sylvainchamberland.com\/en\/?s={search_term_string}"},"query-input":{"@type":"PropertyValueSpecification","valueRequired":true,"valueName":"search_term_string"}}],"inLanguage":"en-US"},{"@type":"Person","@id":"https:\/\/www.sylvainchamberland.com\/en\/#\/schema\/person\/0e517e737298210e204323bf5c4269ce","name":"Dr Sylvain Chamberland, Orthodontiste","image":{"@type":"ImageObject","inLanguage":"en-US","@id":"https:\/\/www.sylvainchamberland.com\/en\/#\/schema\/person\/image\/","url":"https:\/\/secure.gravatar.com\/avatar\/06a4c85afdb980d645424e831757cd84?s=96&d=mm&r=g","contentUrl":"https:\/\/secure.gravatar.com\/avatar\/06a4c85afdb980d645424e831757cd84?s=96&d=mm&r=g","caption":"Dr Sylvain Chamberland, Orthodontiste"}}]}},"_links":{"self":[{"href":"https:\/\/www.sylvainchamberland.com\/en\/wp-json\/wp\/v2\/posts\/22320","targetHints":{"allow":["GET"]}}],"collection":[{"href":"https:\/\/www.sylvainchamberland.com\/en\/wp-json\/wp\/v2\/posts"}],"about":[{"href":"https:\/\/www.sylvainchamberland.com\/en\/wp-json\/wp\/v2\/types\/post"}],"author":[{"embeddable":true,"href":"https:\/\/www.sylvainchamberland.com\/en\/wp-json\/wp\/v2\/users\/2"}],"replies":[{"embeddable":true,"href":"https:\/\/www.sylvainchamberland.com\/en\/wp-json\/wp\/v2\/comments?post=22320"}],"version-history":[{"count":1,"href":"https:\/\/www.sylvainchamberland.com\/en\/wp-json\/wp\/v2\/posts\/22320\/revisions"}],"predecessor-version":[{"id":22519,"href":"https:\/\/www.sylvainchamberland.com\/en\/wp-json\/wp\/v2\/posts\/22320\/revisions\/22519"}],"wp:attachment":[{"href":"https:\/\/www.sylvainchamberland.com\/en\/wp-json\/wp\/v2\/media?parent=22320"}],"wp:term":[{"taxonomy":"category","embeddable":true,"href":"https:\/\/www.sylvainchamberland.com\/en\/wp-json\/wp\/v2\/categories?post=22320"},{"taxonomy":"post_tag","embeddable":true,"href":"https:\/\/www.sylvainchamberland.com\/en\/wp-json\/wp\/v2\/tags?post=22320"}],"curies":[{"name":"wp","href":"https:\/\/api.w.org\/{rel}","templated":true}]}}